{"id":5894,"date":"2026-05-22T14:07:41","date_gmt":"2026-05-22T12:07:41","guid":{"rendered":"https:\/\/www.fintamuzeum.hu\/?p=5894"},"modified":"2026-05-22T14:07:41","modified_gmt":"2026-05-22T12:07:41","slug":"nyitva-tartas-majus-23-24","status":"publish","type":"post","link":"https:\/\/www.fintamuzeum.hu\/?p=5894","title":{"rendered":"Nyitva tart\u00e1s m\u00e1jus 23-24."},"content":{"rendered":"\n<p>Kedves M\u00fazeuml\u00e1togat\u00f3 K\u00f6z\u00f6ns\u00e9g!<\/p>\n\n\n\n<p>A XXVI. <a href=\"https:\/\/www.facebook.com\/kevijuhaszfesztival?__cft__[0]=AZah4MWxeK6YA_aPEQRvRjGBYMdLQ9UYIaSD0mdiS6sEeJOBbZKj06A9qzwRY3LC_qaBe4sTkPrquo2LdP9FvxVZOcm7RC5IHPEa3JttcW73-5TXHGDP2bm9KYiuIV6lABfHKA6f6N8BMfpmdJn0WJNW80_kGVSvysExTXCZaSgg2g&amp;__tn__=-]K-R\">Kevi Juh\u00e1szfesztiv\u00e1l hivatalos oldala<\/a> rendk\u00edv\u00fcli nyitvatart\u00e1ssal v\u00e1rja a l\u00e1togat\u00f3kat a <a href=\"https:\/\/www.facebook.com\/sandor.fintamuz?__cft__[0]=AZah4MWxeK6YA_aPEQRvRjGBYMdLQ9UYIaSD0mdiS6sEeJOBbZKj06A9qzwRY3LC_qaBe4sTkPrquo2LdP9FvxVZOcm7RC5IHPEa3JttcW73-5TXHGDP2bm9KYiuIV6lABfHKA6f6N8BMfpmdJn0WJNW80_kGVSvysExTXCZaSgg2g&amp;__tn__=-]K-R\">Finta M\u00fazeum<\/a> \u00e9s a Vad\u00e1sz P\u00e1l Ki\u00e1ll\u00edt\u00f3terem (Kossuth u. 6.)<\/p>\n\n\n\n<p>2026. m\u00e1jus 23-\u00e1n \u00e9s 24-\u00e9n is 9-17 \u00f3r\u00e1ig tekinthet\u0151k meg <a href=\"https:\/\/www.fintamuzeum.hu\/?page_id=31\" data-type=\"page\" data-id=\"31\">\u00e1lland\u00f3<\/a>&#8211; \u00e9s id\u0151szaki ki\u00e1ll\u00edt\u00e1saink: <a href=\"https:\/\/www.fintamuzeum.hu\/?page_id=5011\" data-type=\"page\" data-id=\"5011\">Mesterh\u00e1rmas<\/a> \u00e9s <a href=\"https:\/\/www.fintamuzeum.hu\/?page_id=5879\" data-type=\"page\" data-id=\"5879\">Zalezs\u00e1k Ilona grafikus<\/a>.<\/p>\n\n\n\n<p>Csak a szombati napon a Vad\u00e1sz P\u00e1l Ki\u00e1ll\u00edt\u00f3terembe 9-12-ig a bel\u00e9p\u00e9s ingyenes!<\/p>\n\n\n\n<p>2026. m\u00e1jus 25-\u00e9n h\u00e9tf\u0151n a m\u00fazeum z\u00e1rva tart!<\/p>\n\n\n\n<figure class=\"wp-block-gallery has-nested-images columns-default is-cropped wp-block-gallery-1 is-layout-flex wp-block-gallery-is-layout-flex\">\n<figure class=\"wp-block-image size-large\"><a href=\"https:\/\/www.fintamuzeum.hu\/wp-content\/uploads\/2026\/05\/Mesterharmas_szorolap_b_70x210.jpg\"><img loading=\"lazy\" decoding=\"async\" width=\"341\" height=\"1024\" data-id=\"5899\" src=\"https:\/\/www.fintamuzeum.hu\/wp-content\/uploads\/2026\/05\/Mesterharmas_szorolap_b_70x210-341x1024.jpg\" alt=\"\" class=\"wp-image-5899\" srcset=\"https:\/\/www.fintamuzeum.hu\/wp-content\/uploads\/2026\/05\/Mesterharmas_szorolap_b_70x210-341x1024.jpg 341w, https:\/\/www.fintamuzeum.hu\/wp-content\/uploads\/2026\/05\/Mesterharmas_szorolap_b_70x210-100x300.jpg 100w, https:\/\/www.fintamuzeum.hu\/wp-content\/uploads\/2026\/05\/Mesterharmas_szorolap_b_70x210-768x2304.jpg 768w, https:\/\/www.fintamuzeum.hu\/wp-content\/uploads\/2026\/05\/Mesterharmas_szorolap_b_70x210-512x1536.jpg 512w, https:\/\/www.fintamuzeum.hu\/wp-content\/uploads\/2026\/05\/Mesterharmas_szorolap_b_70x210-683x2048.jpg 683w, https:\/\/www.fintamuzeum.hu\/wp-content\/uploads\/2026\/05\/Mesterharmas_szorolap_b_70x210.jpg 828w\" sizes=\"auto, (max-width: 341px) 100vw, 341px\" \/><\/a><\/figure>\n\n\n\n<figure class=\"wp-block-image size-large\"><a href=\"https:\/\/www.fintamuzeum.hu\/wp-content\/uploads\/2026\/05\/Mesterharmas_szorolap_a_70x210.jpg\"><img loading=\"lazy\" decoding=\"async\" width=\"343\" height=\"1024\" data-id=\"5896\" src=\"https:\/\/www.fintamuzeum.hu\/wp-content\/uploads\/2026\/05\/Mesterharmas_szorolap_a_70x210-343x1024.jpg\" alt=\"\" class=\"wp-image-5896\" srcset=\"https:\/\/www.fintamuzeum.hu\/wp-content\/uploads\/2026\/05\/Mesterharmas_szorolap_a_70x210-343x1024.jpg 343w, https:\/\/www.fintamuzeum.hu\/wp-content\/uploads\/2026\/05\/Mesterharmas_szorolap_a_70x210-768x2290.jpg 768w, https:\/\/www.fintamuzeum.hu\/wp-content\/uploads\/2026\/05\/Mesterharmas_szorolap_a_70x210-515x1536.jpg 515w, https:\/\/www.fintamuzeum.hu\/wp-content\/uploads\/2026\/05\/Mesterharmas_szorolap_a_70x210-687x2048.jpg 687w, https:\/\/www.fintamuzeum.hu\/wp-content\/uploads\/2026\/05\/Mesterharmas_szorolap_a_70x210.jpg 831w\" sizes=\"auto, (max-width: 343px) 100vw, 343px\" \/><\/a><\/figure>\n\n\n\n<figure class=\"wp-block-image size-large\"><a href=\"https:\/\/www.fintamuzeum.hu\/wp-content\/uploads\/2026\/05\/szoroanyag2026_juhfeszt-oldal005-scaled.jpg\"><img loading=\"lazy\" decoding=\"async\" width=\"507\" height=\"1024\" data-id=\"5897\" src=\"https:\/\/www.fintamuzeum.hu\/wp-content\/uploads\/2026\/05\/szoroanyag2026_juhfeszt-oldal005-507x1024.jpg\" alt=\"\" class=\"wp-image-5897\" srcset=\"https:\/\/www.fintamuzeum.hu\/wp-content\/uploads\/2026\/05\/szoroanyag2026_juhfeszt-oldal005-507x1024.jpg 507w, https:\/\/www.fintamuzeum.hu\/wp-content\/uploads\/2026\/05\/szoroanyag2026_juhfeszt-oldal005-149x300.jpg 149w, https:\/\/www.fintamuzeum.hu\/wp-content\/uploads\/2026\/05\/szoroanyag2026_juhfeszt-oldal005-768x1550.jpg 768w, https:\/\/www.fintamuzeum.hu\/wp-content\/uploads\/2026\/05\/szoroanyag2026_juhfeszt-oldal005-761x1536.jpg 761w, https:\/\/www.fintamuzeum.hu\/wp-content\/uploads\/2026\/05\/szoroanyag2026_juhfeszt-oldal005-1015x2048.jpg 1015w, https:\/\/www.fintamuzeum.hu\/wp-content\/uploads\/2026\/05\/szoroanyag2026_juhfeszt-oldal005-scaled.jpg 1268w\" sizes=\"auto, (max-width: 507px) 100vw, 507px\" \/><\/a><\/figure>\n\n\n\n<figure class=\"wp-block-image size-large\"><a href=\"https:\/\/www.fintamuzeum.hu\/wp-content\/uploads\/2026\/05\/szoroanyag2026_juhfeszt-oldal003-scaled.jpg\"><img loading=\"lazy\" decoding=\"async\" width=\"507\" height=\"1024\" data-id=\"5895\" src=\"https:\/\/www.fintamuzeum.hu\/wp-content\/uploads\/2026\/05\/szoroanyag2026_juhfeszt-oldal003-507x1024.jpg\" alt=\"\" class=\"wp-image-5895\" srcset=\"https:\/\/www.fintamuzeum.hu\/wp-content\/uploads\/2026\/05\/szoroanyag2026_juhfeszt-oldal003-507x1024.jpg 507w, https:\/\/www.fintamuzeum.hu\/wp-content\/uploads\/2026\/05\/szoroanyag2026_juhfeszt-oldal003-149x300.jpg 149w, https:\/\/www.fintamuzeum.hu\/wp-content\/uploads\/2026\/05\/szoroanyag2026_juhfeszt-oldal003-768x1550.jpg 768w, https:\/\/www.fintamuzeum.hu\/wp-content\/uploads\/2026\/05\/szoroanyag2026_juhfeszt-oldal003-761x1536.jpg 761w, https:\/\/www.fintamuzeum.hu\/wp-content\/uploads\/2026\/05\/szoroanyag2026_juhfeszt-oldal003-1015x2048.jpg 1015w, https:\/\/www.fintamuzeum.hu\/wp-content\/uploads\/2026\/05\/szoroanyag2026_juhfeszt-oldal003-scaled.jpg 1268w\" sizes=\"auto, (max-width: 507px) 100vw, 507px\" \/><\/a><\/figure>\n\n\n\n<figure class=\"wp-block-image size-large\"><a href=\"https:\/\/www.fintamuzeum.hu\/wp-content\/uploads\/2026\/05\/MegallitoPlakat-oldal002.jpg\"><img loading=\"lazy\" decoding=\"async\" width=\"724\" height=\"1024\" data-id=\"5898\" src=\"https:\/\/www.fintamuzeum.hu\/wp-content\/uploads\/2026\/05\/MegallitoPlakat-oldal002-724x1024.jpg\" alt=\"\" class=\"wp-image-5898\" srcset=\"https:\/\/www.fintamuzeum.hu\/wp-content\/uploads\/2026\/05\/MegallitoPlakat-oldal002-724x1024.jpg 724w, https:\/\/www.fintamuzeum.hu\/wp-content\/uploads\/2026\/05\/MegallitoPlakat-oldal002-212x300.jpg 212w, https:\/\/www.fintamuzeum.hu\/wp-content\/uploads\/2026\/05\/MegallitoPlakat-oldal002-768x1086.jpg 768w, https:\/\/www.fintamuzeum.hu\/wp-content\/uploads\/2026\/05\/MegallitoPlakat-oldal002-1086x1536.jpg 1086w, https:\/\/www.fintamuzeum.hu\/wp-content\/uploads\/2026\/05\/MegallitoPlakat-oldal002-1448x2048.jpg 1448w, https:\/\/www.fintamuzeum.hu\/wp-content\/uploads\/2026\/05\/MegallitoPlakat-oldal002.jpg 1754w\" sizes=\"auto, (max-width: 724px) 100vw, 724px\" \/><\/a><\/figure>\n<\/figure>\n\n\n\n<p><\/p>\n","protected":false},"excerpt":{"rendered":"<p>Kedves M\u00fazeuml\u00e1togat\u00f3 K\u00f6z\u00f6ns\u00e9g! A XXVI. Kevi Juh\u00e1szfesztiv\u00e1l hivatalos oldala rendk\u00edv\u00fcli nyitvatart\u00e1ssal v\u00e1rja a l\u00e1togat\u00f3kat a Finta M\u00fazeum \u00e9s a Vad\u00e1sz P\u00e1l Ki\u00e1ll\u00edt\u00f3terem (Kossuth u. 6.) 2026. m\u00e1jus 23-\u00e1n \u00e9s 24-\u00e9n is 9-17 \u00f3r\u00e1ig tekinthet\u0151k meg \u00e1lland\u00f3&#8211; \u00e9s id\u0151szaki ki\u00e1ll\u00edt\u00e1saink: Mesterh\u00e1rmas &hellip; <a href=\"https:\/\/www.fintamuzeum.hu\/?p=5894\">Egy kattint\u00e1s ide a folytat\u00e1shoz&#8230;. <span class=\"meta-nav\">&rarr;<\/span><\/a><\/p>\n","protected":false},"author":2,"featured_media":0,"comment_status":"closed","ping_status":"open","sticky":false,"template":"","format":"standard","meta":{"footnotes":""},"categories":[1],"tags":[],"class_list":["post-5894","post","type-post","status-publish","format-standard","hentry","category-egyeb"],"_links":{"self":[{"href":"https:\/\/www.fintamuzeum.hu\/index.php?rest_route=\/wp\/v2\/posts\/5894","targetHints":{"allow":["GET"]}}],"collection":[{"href":"https:\/\/www.fintamuzeum.hu\/index.php?rest_route=\/wp\/v2\/posts"}],"about":[{"href":"https:\/\/www.fintamuzeum.hu\/index.php?rest_route=\/wp\/v2\/types\/post"}],"author":[{"embeddable":true,"href":"https:\/\/www.fintamuzeum.hu\/index.php?rest_route=\/wp\/v2\/users\/2"}],"replies":[{"embeddable":true,"href":"https:\/\/www.fintamuzeum.hu\/index.php?rest_route=%2Fwp%2Fv2%2Fcomments&post=5894"}],"version-history":[{"count":1,"href":"https:\/\/www.fintamuzeum.hu\/index.php?rest_route=\/wp\/v2\/posts\/5894\/revisions"}],"predecessor-version":[{"id":5900,"href":"https:\/\/www.fintamuzeum.hu\/index.php?rest_route=\/wp\/v2\/posts\/5894\/revisions\/5900"}],"wp:attachment":[{"href":"https:\/\/www.fintamuzeum.hu\/index.php?rest_route=%2Fwp%2Fv2%2Fmedia&parent=5894"}],"wp:term":[{"taxonomy":"category","embeddable":true,"href":"https:\/\/www.fintamuzeum.hu\/index.php?rest_route=%2Fwp%2Fv2%2Fcategories&post=5894"},{"taxonomy":"post_tag","embeddable":true,"href":"https:\/\/www.fintamuzeum.hu\/index.php?rest_route=%2Fwp%2Fv2%2Ftags&post=5894"}],"curies":[{"name":"wp","href":"https:\/\/api.w.org\/{rel}","templated":true}]}}