{"id":5873,"date":"2026-05-20T13:14:20","date_gmt":"2026-05-20T11:14:20","guid":{"rendered":"https:\/\/www.fintamuzeum.hu\/?p=5873"},"modified":"2026-05-20T13:14:20","modified_gmt":"2026-05-20T11:14:20","slug":"zalezsak-ilona-grafikus-kiallitasmegnyito","status":"publish","type":"post","link":"https:\/\/www.fintamuzeum.hu\/?p=5873","title":{"rendered":"Zalezs\u00e1k Ilona grafikus &#8211; ki\u00e1ll\u00edt\u00e1smegnyit\u00f3"},"content":{"rendered":"\n<p>A  <a href=\"https:\/\/www.facebook.com\/kevijuhaszfesztival\">XXVI. Kevi Juh\u00e1szfesztiv\u00e1l<\/a> egyik esem\u00e9nyek\u00e9nt ker\u00fcl sor \u00faj id\u0151szaki ki\u00e1ll\u00edt\u00e1sunk megnyit\u00f3j\u00e1ra.<br>Zalezs\u00e1k Ilona Dun\u00e1nt\u00falon sz\u00fcletett. A Szegedi Tan\u00e1rk\u00e9pz\u0151 F\u0151iskol\u00e1n magyar-rajz szakon szerzett tan\u00e1ri diplom\u00e1t. K\u00e9s\u0151bb T\u00farkev\u00e9n kezdett dolgozni \u00e9s alap\u00edt\u00f3 tagja volt a Kevi K\u00f6r alkot\u00f3 k\u00f6z\u00f6ss\u00e9g\u00e9nek.<br>A Kevi K\u00f6r tagjak\u00e9nt \u00edgy vallott \u00f6nmag\u00e1r\u00f3l:<br>&#8222;\u00dagy \u00e9rzem, a rajz az igazi kifejez\u0151eszk\u00f6z\u00f6m. \u00c9lm\u00e9nyeim a l\u00edrai, meseszer\u0171 jelens\u00e9gekhez k\u00f6t\u0151dnek, a mez\u0151k vir\u00e1gaihoz, gyermekkorom \u00e9s olvasm\u00e1nyaim k\u00e9pzelt-teremtett figur\u00e1ihoz, utc\u00e1csk\u00e1ihoz, tereihez&#8230;&#8221;<\/p>\n\n\n\n<figure class=\"wp-block-gallery has-nested-images columns-default is-cropped wp-block-gallery-1 is-layout-flex wp-block-gallery-is-layout-flex\">\n<figure class=\"wp-block-image size-large\"><a href=\"https:\/\/www.fintamuzeum.hu\/wp-content\/uploads\/2026\/05\/ZalezsakMeghivo_a_97x210-1.jpg\"><img loading=\"lazy\" decoding=\"async\" width=\"472\" height=\"1024\" data-id=\"5876\" src=\"https:\/\/www.fintamuzeum.hu\/wp-content\/uploads\/2026\/05\/ZalezsakMeghivo_a_97x210-1-472x1024.jpg\" alt=\"\" class=\"wp-image-5876\" srcset=\"https:\/\/www.fintamuzeum.hu\/wp-content\/uploads\/2026\/05\/ZalezsakMeghivo_a_97x210-1-472x1024.jpg 472w, https:\/\/www.fintamuzeum.hu\/wp-content\/uploads\/2026\/05\/ZalezsakMeghivo_a_97x210-1-138x300.jpg 138w, https:\/\/www.fintamuzeum.hu\/wp-content\/uploads\/2026\/05\/ZalezsakMeghivo_a_97x210-1-768x1665.jpg 768w, https:\/\/www.fintamuzeum.hu\/wp-content\/uploads\/2026\/05\/ZalezsakMeghivo_a_97x210-1-709x1536.jpg 709w, https:\/\/www.fintamuzeum.hu\/wp-content\/uploads\/2026\/05\/ZalezsakMeghivo_a_97x210-1-945x2048.jpg 945w, https:\/\/www.fintamuzeum.hu\/wp-content\/uploads\/2026\/05\/ZalezsakMeghivo_a_97x210-1.jpg 1144w\" sizes=\"auto, (max-width: 472px) 100vw, 472px\" \/><\/a><\/figure>\n\n\n\n<figure class=\"wp-block-image size-large\"><a href=\"https:\/\/www.fintamuzeum.hu\/wp-content\/uploads\/2026\/05\/ZalezsakMeghivo_b_97x210-1.jpg\"><img loading=\"lazy\" decoding=\"async\" width=\"471\" height=\"1024\" data-id=\"5877\" src=\"https:\/\/www.fintamuzeum.hu\/wp-content\/uploads\/2026\/05\/ZalezsakMeghivo_b_97x210-1-471x1024.jpg\" alt=\"\" class=\"wp-image-5877\" srcset=\"https:\/\/www.fintamuzeum.hu\/wp-content\/uploads\/2026\/05\/ZalezsakMeghivo_b_97x210-1-471x1024.jpg 471w, https:\/\/www.fintamuzeum.hu\/wp-content\/uploads\/2026\/05\/ZalezsakMeghivo_b_97x210-1-138x300.jpg 138w, https:\/\/www.fintamuzeum.hu\/wp-content\/uploads\/2026\/05\/ZalezsakMeghivo_b_97x210-1-768x1670.jpg 768w, https:\/\/www.fintamuzeum.hu\/wp-content\/uploads\/2026\/05\/ZalezsakMeghivo_b_97x210-1-706x1536.jpg 706w, https:\/\/www.fintamuzeum.hu\/wp-content\/uploads\/2026\/05\/ZalezsakMeghivo_b_97x210-1-942x2048.jpg 942w, https:\/\/www.fintamuzeum.hu\/wp-content\/uploads\/2026\/05\/ZalezsakMeghivo_b_97x210-1.jpg 1144w\" sizes=\"auto, (max-width: 471px) 100vw, 471px\" \/><\/a><\/figure>\n<\/figure>\n","protected":false},"excerpt":{"rendered":"<p>A XXVI. Kevi Juh\u00e1szfesztiv\u00e1l egyik esem\u00e9nyek\u00e9nt ker\u00fcl sor \u00faj id\u0151szaki ki\u00e1ll\u00edt\u00e1sunk megnyit\u00f3j\u00e1ra.Zalezs\u00e1k Ilona Dun\u00e1nt\u00falon sz\u00fcletett. A Szegedi Tan\u00e1rk\u00e9pz\u0151 F\u0151iskol\u00e1n magyar-rajz szakon szerzett tan\u00e1ri diplom\u00e1t. K\u00e9s\u0151bb T\u00farkev\u00e9n kezdett dolgozni \u00e9s alap\u00edt\u00f3 tagja volt a Kevi K\u00f6r alkot\u00f3 k\u00f6z\u00f6ss\u00e9g\u00e9nek.A Kevi K\u00f6r tagjak\u00e9nt &hellip; <a href=\"https:\/\/www.fintamuzeum.hu\/?p=5873\">Egy kattint\u00e1s ide a folytat\u00e1shoz&#8230;. <span class=\"meta-nav\">&rarr;<\/span><\/a><\/p>\n","protected":false},"author":2,"featured_media":0,"comment_status":"closed","ping_status":"open","sticky":false,"template":"","format":"standard","meta":{"footnotes":""},"categories":[1],"tags":[],"class_list":["post-5873","post","type-post","status-publish","format-standard","hentry","category-egyeb"],"_links":{"self":[{"href":"https:\/\/www.fintamuzeum.hu\/index.php?rest_route=\/wp\/v2\/posts\/5873","targetHints":{"allow":["GET"]}}],"collection":[{"href":"https:\/\/www.fintamuzeum.hu\/index.php?rest_route=\/wp\/v2\/posts"}],"about":[{"href":"https:\/\/www.fintamuzeum.hu\/index.php?rest_route=\/wp\/v2\/types\/post"}],"author":[{"embeddable":true,"href":"https:\/\/www.fintamuzeum.hu\/index.php?rest_route=\/wp\/v2\/users\/2"}],"replies":[{"embeddable":true,"href":"https:\/\/www.fintamuzeum.hu\/index.php?rest_route=%2Fwp%2Fv2%2Fcomments&post=5873"}],"version-history":[{"count":1,"href":"https:\/\/www.fintamuzeum.hu\/index.php?rest_route=\/wp\/v2\/posts\/5873\/revisions"}],"predecessor-version":[{"id":5878,"href":"https:\/\/www.fintamuzeum.hu\/index.php?rest_route=\/wp\/v2\/posts\/5873\/revisions\/5878"}],"wp:attachment":[{"href":"https:\/\/www.fintamuzeum.hu\/index.php?rest_route=%2Fwp%2Fv2%2Fmedia&parent=5873"}],"wp:term":[{"taxonomy":"category","embeddable":true,"href":"https:\/\/www.fintamuzeum.hu\/index.php?rest_route=%2Fwp%2Fv2%2Fcategories&post=5873"},{"taxonomy":"post_tag","embeddable":true,"href":"https:\/\/www.fintamuzeum.hu\/index.php?rest_route=%2Fwp%2Fv2%2Ftags&post=5873"}],"curies":[{"name":"wp","href":"https:\/\/api.w.org\/{rel}","templated":true}]}}