{"id":5847,"date":"2026-01-15T12:37:31","date_gmt":"2026-01-15T11:37:31","guid":{"rendered":"https:\/\/www.fintamuzeum.hu\/?p=5847"},"modified":"2026-01-15T12:37:31","modified_gmt":"2026-01-15T11:37:31","slug":"a-magyar-kultura-napja","status":"publish","type":"post","link":"https:\/\/www.fintamuzeum.hu\/?p=5847","title":{"rendered":"A magyar kult\u00fara napja"},"content":{"rendered":"\n<p>Tisztelt L\u00e1togat\u00f3ink!<\/p>\n\n\n\n<p>Csatlakozva a magyar m\u00fazeumok kult\u00farstrat\u00e9giai int\u00e9zm\u00e9nyei (a Magyar Nemzeti M\u00fazeum K\u00f6zgy\u0171jtem\u00e9nyi K\u00f6zpont tagint\u00e9zm\u00e9nyei, a Sz\u00e9pm\u0171v\u00e9szeti M\u00fazeum, a <a href=\"https:\/\/www.facebook.com\/neprajzimuzeum?__cft__[0]=AZZYFae2o5JVWWRYqiZQLLJHQKBqlySr6ZvhRWEpVy0GMcXurr7l3us1XLFg0e9gbKJLfclTH6CGfekvJtBd1HfzLo_vi8pGhMSN19rchqWpyNW8HKdGwbvng_F8Mxkf2FhrzI9ZAJJ-JTp40dGpkMlg&amp;__tn__=-]K-R\">N\u00e9prajzi M\u00fazeum<\/a> \u00e9s Ludwig M\u00fazeum \u2013Kort\u00e1rs M\u0171v\u00e9szeti M\u00fazeum) orsz\u00e1gos kezdem\u00e9nyez\u00e9s\u00e9hez 2026. janu\u00e1r 22-\u00e9n, a magyar kult\u00fara napj\u00e1n a <a href=\"https:\/\/www.facebook.com\/finta.muzeum?__cft__[0]=AZZYFae2o5JVWWRYqiZQLLJHQKBqlySr6ZvhRWEpVy0GMcXurr7l3us1XLFg0e9gbKJLfclTH6CGfekvJtBd1HfzLo_vi8pGhMSN19rchqWpyNW8HKdGwbvng_F8Mxkf2FhrzI9ZAJJ-JTp40dGpkMlg&amp;__tn__=-]K-R\">Finta M\u00fazeum hivatalos<\/a> \u00e1lland\u00f3 \u00e9s a Vad\u00e1sz P\u00e1l Ki\u00e1ll\u00edt\u00f3terem id\u0151szaki ki\u00e1ll\u00edt\u00e1sai ingyenesen tekinthet\u0151k meg.<\/p>\n","protected":false},"excerpt":{"rendered":"<p>Tisztelt L\u00e1togat\u00f3ink! Csatlakozva a magyar m\u00fazeumok kult\u00farstrat\u00e9giai int\u00e9zm\u00e9nyei (a Magyar Nemzeti M\u00fazeum K\u00f6zgy\u0171jtem\u00e9nyi K\u00f6zpont tagint\u00e9zm\u00e9nyei, a Sz\u00e9pm\u0171v\u00e9szeti M\u00fazeum, a N\u00e9prajzi M\u00fazeum \u00e9s Ludwig M\u00fazeum \u2013Kort\u00e1rs M\u0171v\u00e9szeti M\u00fazeum) orsz\u00e1gos kezdem\u00e9nyez\u00e9s\u00e9hez 2026. janu\u00e1r 22-\u00e9n, a magyar kult\u00fara napj\u00e1n a Finta M\u00fazeum hivatalos &hellip; <a href=\"https:\/\/www.fintamuzeum.hu\/?p=5847\">Egy kattint\u00e1s ide a folytat\u00e1shoz&#8230;. <span class=\"meta-nav\">&rarr;<\/span><\/a><\/p>\n","protected":false},"author":2,"featured_media":0,"comment_status":"closed","ping_status":"open","sticky":false,"template":"","format":"standard","meta":{"footnotes":""},"categories":[1],"tags":[],"class_list":["post-5847","post","type-post","status-publish","format-standard","hentry","category-egyeb"],"_links":{"self":[{"href":"https:\/\/www.fintamuzeum.hu\/index.php?rest_route=\/wp\/v2\/posts\/5847","targetHints":{"allow":["GET"]}}],"collection":[{"href":"https:\/\/www.fintamuzeum.hu\/index.php?rest_route=\/wp\/v2\/posts"}],"about":[{"href":"https:\/\/www.fintamuzeum.hu\/index.php?rest_route=\/wp\/v2\/types\/post"}],"author":[{"embeddable":true,"href":"https:\/\/www.fintamuzeum.hu\/index.php?rest_route=\/wp\/v2\/users\/2"}],"replies":[{"embeddable":true,"href":"https:\/\/www.fintamuzeum.hu\/index.php?rest_route=%2Fwp%2Fv2%2Fcomments&post=5847"}],"version-history":[{"count":1,"href":"https:\/\/www.fintamuzeum.hu\/index.php?rest_route=\/wp\/v2\/posts\/5847\/revisions"}],"predecessor-version":[{"id":5848,"href":"https:\/\/www.fintamuzeum.hu\/index.php?rest_route=\/wp\/v2\/posts\/5847\/revisions\/5848"}],"wp:attachment":[{"href":"https:\/\/www.fintamuzeum.hu\/index.php?rest_route=%2Fwp%2Fv2%2Fmedia&parent=5847"}],"wp:term":[{"taxonomy":"category","embeddable":true,"href":"https:\/\/www.fintamuzeum.hu\/index.php?rest_route=%2Fwp%2Fv2%2Fcategories&post=5847"},{"taxonomy":"post_tag","embeddable":true,"href":"https:\/\/www.fintamuzeum.hu\/index.php?rest_route=%2Fwp%2Fv2%2Ftags&post=5847"}],"curies":[{"name":"wp","href":"https:\/\/api.w.org\/{rel}","templated":true}]}}