{"id":5778,"date":"2025-10-22T16:25:26","date_gmt":"2025-10-22T14:25:26","guid":{"rendered":"https:\/\/www.fintamuzeum.hu\/?p=5778"},"modified":"2025-10-22T16:25:51","modified_gmt":"2025-10-22T14:25:51","slug":"nyitva-tartas-5","status":"publish","type":"post","link":"https:\/\/www.fintamuzeum.hu\/?p=5778","title":{"rendered":"Nyitva tart\u00e1s"},"content":{"rendered":"\n<p>Tisztelt \u00c9rdekl\u0151d\u0151 L\u00e1togat\u00f3 K\u00f6z\u00f6ns\u00e9g!<\/p>\n\n\n\n<p>A Finta M\u00fazeum \u00e9s a Vad\u00e1sz P\u00e1l nyitva  tart\u00e1sa okt\u00f3ber 23-i h\u00e9tv\u00e9g\u00e9n:<\/p>\n\n\n\n<p>okt\u00f3ber 23. 9-12; 14-17 \u00fcgyelet a Finta M\u00fazeumban (v\u00e1rosi \u00fcnneps\u00e9g miatt 9.30-t\u00f3l technikai okokb\u00f3l z\u00e1rva, nyit\u00e1s d\u00e9lut\u00e1n 14 \u00f3r\u00e1t\u00f3l)<\/p>\n\n\n\n<p>okt\u00f3ber 24. Z\u00c1RVA<\/p>\n\n\n\n<p>okt\u00f3ber 25. megszokott szombati nyitva tart\u00e1s (9-12: Vad\u00e1sz P\u00e1l Ki\u00e1ll\u00edt\u00f3terem; 14-17: Finta M\u00fazeum)<\/p>\n","protected":false},"excerpt":{"rendered":"<p>Tisztelt \u00c9rdekl\u0151d\u0151 L\u00e1togat\u00f3 K\u00f6z\u00f6ns\u00e9g! A Finta M\u00fazeum \u00e9s a Vad\u00e1sz P\u00e1l nyitva tart\u00e1sa okt\u00f3ber 23-i h\u00e9tv\u00e9g\u00e9n: okt\u00f3ber 23. 9-12; 14-17 \u00fcgyelet a Finta M\u00fazeumban (v\u00e1rosi \u00fcnneps\u00e9g miatt 9.30-t\u00f3l technikai okokb\u00f3l z\u00e1rva, nyit\u00e1s d\u00e9lut\u00e1n 14 \u00f3r\u00e1t\u00f3l) okt\u00f3ber 24. Z\u00c1RVA okt\u00f3ber 25. &hellip; <a href=\"https:\/\/www.fintamuzeum.hu\/?p=5778\">Egy kattint\u00e1s ide a folytat\u00e1shoz&#8230;. <span class=\"meta-nav\">&rarr;<\/span><\/a><\/p>\n","protected":false},"author":2,"featured_media":0,"comment_status":"closed","ping_status":"open","sticky":false,"template":"","format":"standard","meta":{"footnotes":""},"categories":[1],"tags":[],"class_list":["post-5778","post","type-post","status-publish","format-standard","hentry","category-egyeb"],"_links":{"self":[{"href":"https:\/\/www.fintamuzeum.hu\/index.php?rest_route=\/wp\/v2\/posts\/5778","targetHints":{"allow":["GET"]}}],"collection":[{"href":"https:\/\/www.fintamuzeum.hu\/index.php?rest_route=\/wp\/v2\/posts"}],"about":[{"href":"https:\/\/www.fintamuzeum.hu\/index.php?rest_route=\/wp\/v2\/types\/post"}],"author":[{"embeddable":true,"href":"https:\/\/www.fintamuzeum.hu\/index.php?rest_route=\/wp\/v2\/users\/2"}],"replies":[{"embeddable":true,"href":"https:\/\/www.fintamuzeum.hu\/index.php?rest_route=%2Fwp%2Fv2%2Fcomments&post=5778"}],"version-history":[{"count":2,"href":"https:\/\/www.fintamuzeum.hu\/index.php?rest_route=\/wp\/v2\/posts\/5778\/revisions"}],"predecessor-version":[{"id":5780,"href":"https:\/\/www.fintamuzeum.hu\/index.php?rest_route=\/wp\/v2\/posts\/5778\/revisions\/5780"}],"wp:attachment":[{"href":"https:\/\/www.fintamuzeum.hu\/index.php?rest_route=%2Fwp%2Fv2%2Fmedia&parent=5778"}],"wp:term":[{"taxonomy":"category","embeddable":true,"href":"https:\/\/www.fintamuzeum.hu\/index.php?rest_route=%2Fwp%2Fv2%2Fcategories&post=5778"},{"taxonomy":"post_tag","embeddable":true,"href":"https:\/\/www.fintamuzeum.hu\/index.php?rest_route=%2Fwp%2Fv2%2Ftags&post=5778"}],"curies":[{"name":"wp","href":"https:\/\/api.w.org\/{rel}","templated":true}]}}