{"id":5762,"date":"2025-09-17T11:20:15","date_gmt":"2025-09-17T09:20:15","guid":{"rendered":"https:\/\/www.fintamuzeum.hu\/?p=5762"},"modified":"2025-09-17T13:21:03","modified_gmt":"2025-09-17T11:21:03","slug":"varoskepkockak","status":"publish","type":"post","link":"https:\/\/www.fintamuzeum.hu\/?p=5762","title":{"rendered":"V\u00e1ros(k\u00e9p)kock\u00e1k"},"content":{"rendered":"\n<p>2025. szeptember 20-21-\u00e9n rendk\u00edv\u00fcli nyitva tart\u00e1ssal v\u00e1rja a m\u00fazeum a kedves \u00e9rdekl\u0151d\u0151ket. Az \u00e1lland\u00f3 \u00e9s id\u0151szaki ki\u00e1ll\u00edt\u00e1saink szombat \u00e9s vas\u00e1rnap is (9-12; 14-17) ingyenesen l\u00e1togathat\u00f3k! Mindk\u00e9t napon a Finta M\u00fazeum \u00e9p\u00fclet\u00e9ben d\u00e9lut\u00e1n 14.30-kor V\u00e1ros(k\u00e9p)kock\u00e1k c\u00edmmel arch\u00edv v\u00e1rosk\u00e9pek tekinthet\u0151k meg Kevi m\u00faltj\u00e1b\u00f3l. Mindenkit v\u00e1runk szeretettel!<\/p>\n\n\n\n<figure class=\"wp-block-image size-large is-resized\"><a href=\"https:\/\/www.fintamuzeum.hu\/wp-content\/uploads\/2025\/09\/VarosKepKockakplakat_vegleges_fb.jpg\"><img loading=\"lazy\" decoding=\"async\" width=\"724\" height=\"1024\" src=\"https:\/\/www.fintamuzeum.hu\/wp-content\/uploads\/2025\/09\/VarosKepKockakplakat_vegleges_fb-724x1024.jpg\" alt=\"\" class=\"wp-image-5763\" style=\"width:612px;height:auto\" srcset=\"https:\/\/www.fintamuzeum.hu\/wp-content\/uploads\/2025\/09\/VarosKepKockakplakat_vegleges_fb-724x1024.jpg 724w, https:\/\/www.fintamuzeum.hu\/wp-content\/uploads\/2025\/09\/VarosKepKockakplakat_vegleges_fb-212x300.jpg 212w, https:\/\/www.fintamuzeum.hu\/wp-content\/uploads\/2025\/09\/VarosKepKockakplakat_vegleges_fb-768x1086.jpg 768w, https:\/\/www.fintamuzeum.hu\/wp-content\/uploads\/2025\/09\/VarosKepKockakplakat_vegleges_fb-1086x1536.jpg 1086w, https:\/\/www.fintamuzeum.hu\/wp-content\/uploads\/2025\/09\/VarosKepKockakplakat_vegleges_fb.jpg 1200w\" sizes=\"auto, (max-width: 724px) 100vw, 724px\" \/><\/a><\/figure>\n","protected":false},"excerpt":{"rendered":"<p>2025. szeptember 20-21-\u00e9n rendk\u00edv\u00fcli nyitva tart\u00e1ssal v\u00e1rja a m\u00fazeum a kedves \u00e9rdekl\u0151d\u0151ket. Az \u00e1lland\u00f3 \u00e9s id\u0151szaki ki\u00e1ll\u00edt\u00e1saink szombat \u00e9s vas\u00e1rnap is (9-12; 14-17) ingyenesen l\u00e1togathat\u00f3k! Mindk\u00e9t napon a Finta M\u00fazeum \u00e9p\u00fclet\u00e9ben d\u00e9lut\u00e1n 14.30-kor V\u00e1ros(k\u00e9p)kock\u00e1k c\u00edmmel arch\u00edv v\u00e1rosk\u00e9pek tekinthet\u0151k meg Kevi &hellip; <a href=\"https:\/\/www.fintamuzeum.hu\/?p=5762\">Egy kattint\u00e1s ide a folytat\u00e1shoz&#8230;. <span class=\"meta-nav\">&rarr;<\/span><\/a><\/p>\n","protected":false},"author":2,"featured_media":0,"comment_status":"closed","ping_status":"open","sticky":false,"template":"","format":"standard","meta":{"footnotes":""},"categories":[1],"tags":[],"class_list":["post-5762","post","type-post","status-publish","format-standard","hentry","category-egyeb"],"_links":{"self":[{"href":"https:\/\/www.fintamuzeum.hu\/index.php?rest_route=\/wp\/v2\/posts\/5762","targetHints":{"allow":["GET"]}}],"collection":[{"href":"https:\/\/www.fintamuzeum.hu\/index.php?rest_route=\/wp\/v2\/posts"}],"about":[{"href":"https:\/\/www.fintamuzeum.hu\/index.php?rest_route=\/wp\/v2\/types\/post"}],"author":[{"embeddable":true,"href":"https:\/\/www.fintamuzeum.hu\/index.php?rest_route=\/wp\/v2\/users\/2"}],"replies":[{"embeddable":true,"href":"https:\/\/www.fintamuzeum.hu\/index.php?rest_route=%2Fwp%2Fv2%2Fcomments&post=5762"}],"version-history":[{"count":2,"href":"https:\/\/www.fintamuzeum.hu\/index.php?rest_route=\/wp\/v2\/posts\/5762\/revisions"}],"predecessor-version":[{"id":5765,"href":"https:\/\/www.fintamuzeum.hu\/index.php?rest_route=\/wp\/v2\/posts\/5762\/revisions\/5765"}],"wp:attachment":[{"href":"https:\/\/www.fintamuzeum.hu\/index.php?rest_route=%2Fwp%2Fv2%2Fmedia&parent=5762"}],"wp:term":[{"taxonomy":"category","embeddable":true,"href":"https:\/\/www.fintamuzeum.hu\/index.php?rest_route=%2Fwp%2Fv2%2Fcategories&post=5762"},{"taxonomy":"post_tag","embeddable":true,"href":"https:\/\/www.fintamuzeum.hu\/index.php?rest_route=%2Fwp%2Fv2%2Ftags&post=5762"}],"curies":[{"name":"wp","href":"https:\/\/api.w.org\/{rel}","templated":true}]}}