{"id":5437,"date":"2024-08-16T14:43:30","date_gmt":"2024-08-16T12:43:30","guid":{"rendered":"http:\/\/www.fintamuzeum.hu\/?p=5437"},"modified":"2024-08-16T14:43:30","modified_gmt":"2024-08-16T12:43:30","slug":"2024-augusztus-20","status":"publish","type":"post","link":"https:\/\/www.fintamuzeum.hu\/?p=5437","title":{"rendered":"2024. augusztus 20."},"content":{"rendered":"\n<p>Augusztus 20-\u00e1n eg\u00e9sz napos (9-12;14-17) nyitvatart\u00e1ssal v\u00e1rjuk a kedves l\u00e1togat\u00f3kat a Vad\u00e1sz P\u00e1l Ki\u00e1ll\u00edt\u00f3teremben. A bel\u00e9p\u00e9s ingyenes!A Kevi Retro ki\u00e1ll\u00edt\u00e1s ezen a napon lesz utolj\u00e1ra megtekinthet\u0151!Aki szereti az 1964-1995 k\u00f6z\u00f6tti id\u0151szakot felid\u00e9zni \u00e9s korabeli \u00e1ll\u00f3- \u00e9s mozg\u00f3k\u00e9peket n\u00e9zni, azok sz\u00e1m\u00e1ra d\u00e9lut\u00e1n 14.45-kor \u00fajra (\u00e9s a ki\u00e1ll\u00edt\u00e1ssal egy\u00fctt utolj\u00e1ra is) levet\u00edtj\u00fck a M\u00faltid\u00e9z\u0151 \u00f6ssze\u00e1ll\u00edt\u00e1sunkat. A kedvcsin\u00e1l\u00f3 itt tekinthet\u0151 meg.<\/p>\n\n\n\n<figure class=\"wp-block-embed-youtube wp-block-embed is-type-video is-provider-youtube wp-embed-aspect-16-9 wp-has-aspect-ratio\"><div class=\"wp-block-embed__wrapper\">\n<iframe loading=\"lazy\" title=\"Kevi retro m\u00faltid\u00e9z\u0151 - aj\u00e1nl\u00f3\" width=\"640\" height=\"360\" src=\"https:\/\/www.youtube.com\/embed\/iSE-QE18gw0?feature=oembed\" frameborder=\"0\" allow=\"accelerometer; autoplay; clipboard-write; encrypted-media; gyroscope; picture-in-picture; web-share\" referrerpolicy=\"strict-origin-when-cross-origin\" allowfullscreen><\/iframe>\n<\/div><\/figure>\n","protected":false},"excerpt":{"rendered":"<p>Augusztus 20-\u00e1n eg\u00e9sz napos (9-12;14-17) nyitvatart\u00e1ssal v\u00e1rjuk a kedves l\u00e1togat\u00f3kat a Vad\u00e1sz P\u00e1l Ki\u00e1ll\u00edt\u00f3teremben. A bel\u00e9p\u00e9s ingyenes!A Kevi Retro ki\u00e1ll\u00edt\u00e1s ezen a napon lesz utolj\u00e1ra megtekinthet\u0151!Aki szereti az 1964-1995 k\u00f6z\u00f6tti id\u0151szakot felid\u00e9zni \u00e9s korabeli \u00e1ll\u00f3- \u00e9s mozg\u00f3k\u00e9peket n\u00e9zni, azok sz\u00e1m\u00e1ra &hellip; <a href=\"https:\/\/www.fintamuzeum.hu\/?p=5437\">Egy kattint\u00e1s ide a folytat\u00e1shoz&#8230;. <span class=\"meta-nav\">&rarr;<\/span><\/a><\/p>\n","protected":false},"author":2,"featured_media":0,"comment_status":"closed","ping_status":"open","sticky":false,"template":"","format":"standard","meta":{"footnotes":""},"categories":[1],"tags":[],"class_list":["post-5437","post","type-post","status-publish","format-standard","hentry","category-egyeb"],"_links":{"self":[{"href":"https:\/\/www.fintamuzeum.hu\/index.php?rest_route=\/wp\/v2\/posts\/5437","targetHints":{"allow":["GET"]}}],"collection":[{"href":"https:\/\/www.fintamuzeum.hu\/index.php?rest_route=\/wp\/v2\/posts"}],"about":[{"href":"https:\/\/www.fintamuzeum.hu\/index.php?rest_route=\/wp\/v2\/types\/post"}],"author":[{"embeddable":true,"href":"https:\/\/www.fintamuzeum.hu\/index.php?rest_route=\/wp\/v2\/users\/2"}],"replies":[{"embeddable":true,"href":"https:\/\/www.fintamuzeum.hu\/index.php?rest_route=%2Fwp%2Fv2%2Fcomments&post=5437"}],"version-history":[{"count":1,"href":"https:\/\/www.fintamuzeum.hu\/index.php?rest_route=\/wp\/v2\/posts\/5437\/revisions"}],"predecessor-version":[{"id":5438,"href":"https:\/\/www.fintamuzeum.hu\/index.php?rest_route=\/wp\/v2\/posts\/5437\/revisions\/5438"}],"wp:attachment":[{"href":"https:\/\/www.fintamuzeum.hu\/index.php?rest_route=%2Fwp%2Fv2%2Fmedia&parent=5437"}],"wp:term":[{"taxonomy":"category","embeddable":true,"href":"https:\/\/www.fintamuzeum.hu\/index.php?rest_route=%2Fwp%2Fv2%2Fcategories&post=5437"},{"taxonomy":"post_tag","embeddable":true,"href":"https:\/\/www.fintamuzeum.hu\/index.php?rest_route=%2Fwp%2Fv2%2Ftags&post=5437"}],"curies":[{"name":"wp","href":"https:\/\/api.w.org\/{rel}","templated":true}]}}