{"id":5388,"date":"2024-06-21T08:07:06","date_gmt":"2024-06-21T06:07:06","guid":{"rendered":"http:\/\/www.fintamuzeum.hu\/?p=5388"},"modified":"2024-06-21T08:07:06","modified_gmt":"2024-06-21T06:07:06","slug":"muzeumok-ejszakaja-ugyelet-2","status":"publish","type":"post","link":"https:\/\/www.fintamuzeum.hu\/?p=5388","title":{"rendered":"M\u00fazeumok \u00c9jszak\u00e1ja \u00fcgyelet"},"content":{"rendered":"\n<p>Tisztelt L\u00e1togat\u00f3!<\/p>\n\n\n\n<p>2024. j\u00fanius 22-\u00e9n szombaton a megszokott h\u00e9tv\u00e9gi nyitvatart\u00e1st\u00f3l elt\u00e9r\u0151en (nem lesz \u00fcgyelet 9-17) este 18 \u00f3r\u00e1t\u00f3l v\u00e1rjuk a kedves l\u00e1togat\u00f3kat a M\u00fazeumok \u00c9jszak\u00e1j\u00e1n.<\/p>\n\n\n\n<p>Programok a tavalyi \u00e9vhez hasonl\u00f3an csak a <a href=\"https:\/\/www.fintamuzeum.hu\/?page_id=15\">Vad\u00e1sz P\u00e1l Ki\u00e1ll\u00edt\u00f3teremben<\/a> lesznek.<\/p>\n","protected":false},"excerpt":{"rendered":"<p>Tisztelt L\u00e1togat\u00f3! 2024. j\u00fanius 22-\u00e9n szombaton a megszokott h\u00e9tv\u00e9gi nyitvatart\u00e1st\u00f3l elt\u00e9r\u0151en (nem lesz \u00fcgyelet 9-17) este 18 \u00f3r\u00e1t\u00f3l v\u00e1rjuk a kedves l\u00e1togat\u00f3kat a M\u00fazeumok \u00c9jszak\u00e1j\u00e1n. Programok a tavalyi \u00e9vhez hasonl\u00f3an csak a Vad\u00e1sz P\u00e1l Ki\u00e1ll\u00edt\u00f3teremben lesznek.<\/p>\n","protected":false},"author":2,"featured_media":0,"comment_status":"closed","ping_status":"open","sticky":false,"template":"","format":"standard","meta":{"footnotes":""},"categories":[1],"tags":[],"class_list":["post-5388","post","type-post","status-publish","format-standard","hentry","category-egyeb"],"_links":{"self":[{"href":"https:\/\/www.fintamuzeum.hu\/index.php?rest_route=\/wp\/v2\/posts\/5388","targetHints":{"allow":["GET"]}}],"collection":[{"href":"https:\/\/www.fintamuzeum.hu\/index.php?rest_route=\/wp\/v2\/posts"}],"about":[{"href":"https:\/\/www.fintamuzeum.hu\/index.php?rest_route=\/wp\/v2\/types\/post"}],"author":[{"embeddable":true,"href":"https:\/\/www.fintamuzeum.hu\/index.php?rest_route=\/wp\/v2\/users\/2"}],"replies":[{"embeddable":true,"href":"https:\/\/www.fintamuzeum.hu\/index.php?rest_route=%2Fwp%2Fv2%2Fcomments&post=5388"}],"version-history":[{"count":1,"href":"https:\/\/www.fintamuzeum.hu\/index.php?rest_route=\/wp\/v2\/posts\/5388\/revisions"}],"predecessor-version":[{"id":5389,"href":"https:\/\/www.fintamuzeum.hu\/index.php?rest_route=\/wp\/v2\/posts\/5388\/revisions\/5389"}],"wp:attachment":[{"href":"https:\/\/www.fintamuzeum.hu\/index.php?rest_route=%2Fwp%2Fv2%2Fmedia&parent=5388"}],"wp:term":[{"taxonomy":"category","embeddable":true,"href":"https:\/\/www.fintamuzeum.hu\/index.php?rest_route=%2Fwp%2Fv2%2Fcategories&post=5388"},{"taxonomy":"post_tag","embeddable":true,"href":"https:\/\/www.fintamuzeum.hu\/index.php?rest_route=%2Fwp%2Fv2%2Ftags&post=5388"}],"curies":[{"name":"wp","href":"https:\/\/api.w.org\/{rel}","templated":true}]}}