{"id":5103,"date":"2023-05-19T15:13:36","date_gmt":"2023-05-19T13:13:36","guid":{"rendered":"http:\/\/www.fintamuzeum.hu\/?p=5103"},"modified":"2023-05-19T15:13:36","modified_gmt":"2023-05-19T13:13:36","slug":"xxiii-kevi-juhaszfesztival-nyitvatartas","status":"publish","type":"post","link":"https:\/\/www.fintamuzeum.hu\/?p=5103","title":{"rendered":"XXIII. Kevi Juh\u00e1szfesztiv\u00e1l &#8211; nyitvatart\u00e1s"},"content":{"rendered":"\n<p>A <a href=\"https:\/\/www.facebook.com\/kevijuhaszfesztival\/\">XXIII. Kevi Juh\u00e1szfesztiv\u00e1l<\/a> alkalm\u00e1b\u00f3l rendk\u00edv\u00fcli nyitva tart\u00e1ssal v\u00e1rjuk kedves l\u00e1togat\u00f3inkat, a Finta M\u00fazeumban \u00e9s a Vad\u00e1sz P\u00e1l Ki\u00e1ll\u00edt\u00f3teremben szombaton \u00e9s vas\u00e1rnap 9.00-t\u00f3l 17.00-ig.<\/p>\n\n\n\n<p><em>Id\u0151szaki ki\u00e1ll\u00edt\u00e1saink szombaton, a Vad\u00e1sz P\u00e1l Ki\u00e1ll\u00edt\u00f3teremben <strong>13.00-ig ingyenesen<\/strong> tekinthet\u0151k meg!<\/em><\/p>\n\n\n\n<p>Id\u0151szaki ki\u00e1ll\u00edt\u00e1sok a Vad\u00e1sz P\u00e1l Ki\u00e1ll\u00edt\u00f3teremben:<\/p>\n\n\n\n<figure class=\"wp-block-embed-wordpress wp-block-embed is-type-wp-embed is-provider-finta-muzeum\"><div class=\"wp-block-embed__wrapper\">\n<blockquote class=\"wp-embedded-content\" data-secret=\"2scHJblv2v\"><a href=\"https:\/\/www.fintamuzeum.hu\/?page_id=5011\">Mesterh\u00e1rmas<\/a><\/blockquote><iframe loading=\"lazy\" class=\"wp-embedded-content\" sandbox=\"allow-scripts\" security=\"restricted\" style=\"position: absolute; visibility: hidden;\" title=\"&#8220;Mesterh\u00e1rmas&#8221; &#8212; Finta M\u00fazeum\" src=\"https:\/\/www.fintamuzeum.hu\/?page_id=5011&#038;embed=true#?secret=gl7kWU5nXa#?secret=2scHJblv2v\" data-secret=\"2scHJblv2v\" width=\"600\" height=\"338\" frameborder=\"0\" marginwidth=\"0\" marginheight=\"0\" scrolling=\"no\"><\/iframe>\n<\/div><\/figure>\n\n\n\n<figure class=\"wp-block-embed-wordpress wp-block-embed is-type-wp-embed is-provider-finta-muzeum\"><div class=\"wp-block-embed__wrapper\">\n<blockquote class=\"wp-embedded-content\" data-secret=\"ZkyT5qZrXY\"><a href=\"https:\/\/www.fintamuzeum.hu\/?page_id=5105\">\u00dajrahasznos\u00edt\u00e1s a paraszti kult\u00far\u00e1ban<\/a><\/blockquote><iframe loading=\"lazy\" class=\"wp-embedded-content\" sandbox=\"allow-scripts\" security=\"restricted\" style=\"position: absolute; visibility: hidden;\" title=\"&#8220;\u00dajrahasznos\u00edt\u00e1s a paraszti kult\u00far\u00e1ban&#8221; &#8212; Finta M\u00fazeum\" src=\"https:\/\/www.fintamuzeum.hu\/?page_id=5105&#038;embed=true#?secret=u7YbXMs2Kc#?secret=ZkyT5qZrXY\" data-secret=\"ZkyT5qZrXY\" width=\"600\" height=\"338\" frameborder=\"0\" marginwidth=\"0\" marginheight=\"0\" scrolling=\"no\"><\/iframe>\n<\/div><\/figure>\n","protected":false},"excerpt":{"rendered":"<p>A XXIII. Kevi Juh\u00e1szfesztiv\u00e1l alkalm\u00e1b\u00f3l rendk\u00edv\u00fcli nyitva tart\u00e1ssal v\u00e1rjuk kedves l\u00e1togat\u00f3inkat, a Finta M\u00fazeumban \u00e9s a Vad\u00e1sz P\u00e1l Ki\u00e1ll\u00edt\u00f3teremben szombaton \u00e9s vas\u00e1rnap 9.00-t\u00f3l 17.00-ig. Id\u0151szaki ki\u00e1ll\u00edt\u00e1saink szombaton, a Vad\u00e1sz P\u00e1l Ki\u00e1ll\u00edt\u00f3teremben 13.00-ig ingyenesen tekinthet\u0151k meg! Id\u0151szaki ki\u00e1ll\u00edt\u00e1sok a Vad\u00e1sz P\u00e1l &hellip; <a href=\"https:\/\/www.fintamuzeum.hu\/?p=5103\">Egy kattint\u00e1s ide a folytat\u00e1shoz&#8230;. <span class=\"meta-nav\">&rarr;<\/span><\/a><\/p>\n","protected":false},"author":2,"featured_media":0,"comment_status":"closed","ping_status":"open","sticky":false,"template":"","format":"standard","meta":{"footnotes":""},"categories":[1],"tags":[],"class_list":["post-5103","post","type-post","status-publish","format-standard","hentry","category-egyeb"],"_links":{"self":[{"href":"https:\/\/www.fintamuzeum.hu\/index.php?rest_route=\/wp\/v2\/posts\/5103","targetHints":{"allow":["GET"]}}],"collection":[{"href":"https:\/\/www.fintamuzeum.hu\/index.php?rest_route=\/wp\/v2\/posts"}],"about":[{"href":"https:\/\/www.fintamuzeum.hu\/index.php?rest_route=\/wp\/v2\/types\/post"}],"author":[{"embeddable":true,"href":"https:\/\/www.fintamuzeum.hu\/index.php?rest_route=\/wp\/v2\/users\/2"}],"replies":[{"embeddable":true,"href":"https:\/\/www.fintamuzeum.hu\/index.php?rest_route=%2Fwp%2Fv2%2Fcomments&post=5103"}],"version-history":[{"count":2,"href":"https:\/\/www.fintamuzeum.hu\/index.php?rest_route=\/wp\/v2\/posts\/5103\/revisions"}],"predecessor-version":[{"id":5109,"href":"https:\/\/www.fintamuzeum.hu\/index.php?rest_route=\/wp\/v2\/posts\/5103\/revisions\/5109"}],"wp:attachment":[{"href":"https:\/\/www.fintamuzeum.hu\/index.php?rest_route=%2Fwp%2Fv2%2Fmedia&parent=5103"}],"wp:term":[{"taxonomy":"category","embeddable":true,"href":"https:\/\/www.fintamuzeum.hu\/index.php?rest_route=%2Fwp%2Fv2%2Fcategories&post=5103"},{"taxonomy":"post_tag","embeddable":true,"href":"https:\/\/www.fintamuzeum.hu\/index.php?rest_route=%2Fwp%2Fv2%2Ftags&post=5103"}],"curies":[{"name":"wp","href":"https:\/\/api.w.org\/{rel}","templated":true}]}}