{"id":4931,"date":"2022-10-21T15:25:56","date_gmt":"2022-10-21T13:25:56","guid":{"rendered":"http:\/\/www.fintamuzeum.hu\/?p=4931"},"modified":"2022-10-21T15:43:17","modified_gmt":"2022-10-21T13:43:17","slug":"agresszio-evtizedei","status":"publish","type":"post","link":"https:\/\/www.fintamuzeum.hu\/?p=4931","title":{"rendered":"Agresszi\u00f3 \u00e9vtizedei"},"content":{"rendered":"\n<p>Kedves L\u00e1togat\u00f3k!<\/p>\n\n\n\n<p>2022. okt\u00f3ber 22-\u00e9n szombaton a d\u00e9lut\u00e1ni rendezv\u00e9ny miatt az \u00fcgyelet eg\u00e9sz nap a Vad\u00e1sz P\u00e1l Ki\u00e1ll\u00edt\u00f3teremben lesz. <\/p>\n\n\n\n<p>D\u00e9lut\u00e1n 15 \u00f3r\u00e1t\u00f3l Benedek Csaba a Damjanich J\u00e1nos M\u00fazeum muzeol\u00f3gusa, n\u00e9prajzkutat\u00f3 tart rendk\u00edv\u00fcli t\u00e1rlatvezet\u00e9st az &#8222;Agresszi\u00f3 \u00e9vtizedei&#8230;&#8221; c\u00edm\u0171 id\u0151szaki ki\u00e1ll\u00edt\u00e1sban Pallagi L\u00e1szl\u00f3 t\u00farkevei rocker k\u00f6zrem\u0171k\u00f6d\u00e9s\u00e9vel.<\/p>\n\n\n\n<p>Okt\u00f3ber 23-\u00e1n vas\u00e1rnap is v\u00e1rja a l\u00e1togat\u00f3kat a Finta M\u00fazeum (9-12;14-17) <\/p>\n\n\n\n<figure class=\"wp-block-image size-large\"><img loading=\"lazy\" decoding=\"async\" width=\"724\" height=\"1024\" src=\"https:\/\/www.fintamuzeum.hu\/wp-content\/uploads\/2022\/10\/plakat_A3-oldal001-724x1024.jpg\" alt=\"\" class=\"wp-image-4932\" srcset=\"https:\/\/www.fintamuzeum.hu\/wp-content\/uploads\/2022\/10\/plakat_A3-oldal001-724x1024.jpg 724w, https:\/\/www.fintamuzeum.hu\/wp-content\/uploads\/2022\/10\/plakat_A3-oldal001-212x300.jpg 212w, https:\/\/www.fintamuzeum.hu\/wp-content\/uploads\/2022\/10\/plakat_A3-oldal001-768x1086.jpg 768w, https:\/\/www.fintamuzeum.hu\/wp-content\/uploads\/2022\/10\/plakat_A3-oldal001.jpg 1052w\" sizes=\"auto, (max-width: 724px) 100vw, 724px\" \/><\/figure>\n","protected":false},"excerpt":{"rendered":"<p>Kedves L\u00e1togat\u00f3k! 2022. okt\u00f3ber 22-\u00e9n szombaton a d\u00e9lut\u00e1ni rendezv\u00e9ny miatt az \u00fcgyelet eg\u00e9sz nap a Vad\u00e1sz P\u00e1l Ki\u00e1ll\u00edt\u00f3teremben lesz. D\u00e9lut\u00e1n 15 \u00f3r\u00e1t\u00f3l Benedek Csaba a Damjanich J\u00e1nos M\u00fazeum muzeol\u00f3gusa, n\u00e9prajzkutat\u00f3 tart rendk\u00edv\u00fcli t\u00e1rlatvezet\u00e9st az &#8222;Agresszi\u00f3 \u00e9vtizedei&#8230;&#8221; c\u00edm\u0171 id\u0151szaki ki\u00e1ll\u00edt\u00e1sban Pallagi &hellip; <a href=\"https:\/\/www.fintamuzeum.hu\/?p=4931\">Egy kattint\u00e1s ide a folytat\u00e1shoz&#8230;. <span class=\"meta-nav\">&rarr;<\/span><\/a><\/p>\n","protected":false},"author":2,"featured_media":0,"comment_status":"closed","ping_status":"open","sticky":false,"template":"","format":"standard","meta":{"footnotes":""},"categories":[1],"tags":[],"class_list":["post-4931","post","type-post","status-publish","format-standard","hentry","category-egyeb"],"_links":{"self":[{"href":"https:\/\/www.fintamuzeum.hu\/index.php?rest_route=\/wp\/v2\/posts\/4931","targetHints":{"allow":["GET"]}}],"collection":[{"href":"https:\/\/www.fintamuzeum.hu\/index.php?rest_route=\/wp\/v2\/posts"}],"about":[{"href":"https:\/\/www.fintamuzeum.hu\/index.php?rest_route=\/wp\/v2\/types\/post"}],"author":[{"embeddable":true,"href":"https:\/\/www.fintamuzeum.hu\/index.php?rest_route=\/wp\/v2\/users\/2"}],"replies":[{"embeddable":true,"href":"https:\/\/www.fintamuzeum.hu\/index.php?rest_route=%2Fwp%2Fv2%2Fcomments&post=4931"}],"version-history":[{"count":2,"href":"https:\/\/www.fintamuzeum.hu\/index.php?rest_route=\/wp\/v2\/posts\/4931\/revisions"}],"predecessor-version":[{"id":4934,"href":"https:\/\/www.fintamuzeum.hu\/index.php?rest_route=\/wp\/v2\/posts\/4931\/revisions\/4934"}],"wp:attachment":[{"href":"https:\/\/www.fintamuzeum.hu\/index.php?rest_route=%2Fwp%2Fv2%2Fmedia&parent=4931"}],"wp:term":[{"taxonomy":"category","embeddable":true,"href":"https:\/\/www.fintamuzeum.hu\/index.php?rest_route=%2Fwp%2Fv2%2Fcategories&post=4931"},{"taxonomy":"post_tag","embeddable":true,"href":"https:\/\/www.fintamuzeum.hu\/index.php?rest_route=%2Fwp%2Fv2%2Ftags&post=4931"}],"curies":[{"name":"wp","href":"https:\/\/api.w.org\/{rel}","templated":true}]}}