{"id":4731,"date":"2021-12-10T14:40:59","date_gmt":"2021-12-10T13:40:59","guid":{"rendered":"http:\/\/www.fintamuzeum.hu\/?p=4731"},"modified":"2021-12-10T14:47:36","modified_gmt":"2021-12-10T13:47:36","slug":"unnepi-jokivansag-2021","status":"publish","type":"post","link":"https:\/\/www.fintamuzeum.hu\/?p=4731","title":{"rendered":"\u00dcnnepi j\u00f3k\u00edv\u00e1ns\u00e1g 2021"},"content":{"rendered":"\n<p class=\"has-medium-font-size\">Kedves M\u00fazeuml\u00e1togat\u00f3k!<\/p>\n\n\n\n<p style=\"font-size:18px\"><strong>2021. december 11\u20132022. janu\u00e1r 09.<\/strong><br><strong>k\u00f6z\u00f6tt ki\u00e1ll\u00edt\u00e1saink csak el\u0151zetes telefonos bejelentkez\u00e9st* k\u00f6vet\u0151en l\u00e1togathat\u00f3ak rendes nyitvatart\u00e1si id\u0151ben.<\/strong><br>(december 25-26, janu\u00e1r 1. ki\u00e1ll\u00edt\u00e1saink z\u00e1rva tartanak!)<br>Meg\u00e9rt\u00e9s\u00fcket k\u00f6sz\u00f6nj\u00fck!<br>A k\u00f6vetkez\u0151 telefonsz\u00e1mon lehet bejelentkezni:<br>Kap\u00e1s J\u00e1nos Zsolt \u2013 0620-445-0429<br>*melyet legk\u00e9s\u0151bb a l\u00e1togat\u00e1s el\u0151tt 24 \u00f3r\u00e1val k\u00e9r\u00fcnk jelezni<\/p>\n\n\n\n<p>Mindenkinek kellemes \u00fcnnepeket k\u00edv\u00e1nunk!<\/p>\n\n\n\n<figure class=\"wp-block-image size-large is-resized\"><a href=\"https:\/\/www.fintamuzeum.hu\/wp-content\/uploads\/2021\/12\/FintaMuzeum_unnepi_kep.jpg\"><img loading=\"lazy\" decoding=\"async\" src=\"https:\/\/www.fintamuzeum.hu\/wp-content\/uploads\/2021\/12\/FintaMuzeum_unnepi_kep-678x1024.jpg\" alt=\"\" class=\"wp-image-4732\" width=\"379\" height=\"571\" srcset=\"https:\/\/www.fintamuzeum.hu\/wp-content\/uploads\/2021\/12\/FintaMuzeum_unnepi_kep-678x1024.jpg 678w, https:\/\/www.fintamuzeum.hu\/wp-content\/uploads\/2021\/12\/FintaMuzeum_unnepi_kep-199x300.jpg 199w\" sizes=\"auto, (max-width: 379px) 100vw, 379px\" \/><\/a><\/figure>\n","protected":false},"excerpt":{"rendered":"<p>Kedves M\u00fazeuml\u00e1togat\u00f3k! 2021. december 11\u20132022. janu\u00e1r 09.k\u00f6z\u00f6tt ki\u00e1ll\u00edt\u00e1saink csak el\u0151zetes telefonos bejelentkez\u00e9st* k\u00f6vet\u0151en l\u00e1togathat\u00f3ak rendes nyitvatart\u00e1si id\u0151ben.(december 25-26, janu\u00e1r 1. ki\u00e1ll\u00edt\u00e1saink z\u00e1rva tartanak!)Meg\u00e9rt\u00e9s\u00fcket k\u00f6sz\u00f6nj\u00fck!A k\u00f6vetkez\u0151 telefonsz\u00e1mon lehet bejelentkezni:Kap\u00e1s J\u00e1nos Zsolt \u2013 0620-445-0429*melyet legk\u00e9s\u0151bb a l\u00e1togat\u00e1s el\u0151tt 24 \u00f3r\u00e1val k\u00e9r\u00fcnk jelezni &hellip; <a href=\"https:\/\/www.fintamuzeum.hu\/?p=4731\">Egy kattint\u00e1s ide a folytat\u00e1shoz&#8230;. <span class=\"meta-nav\">&rarr;<\/span><\/a><\/p>\n","protected":false},"author":2,"featured_media":0,"comment_status":"closed","ping_status":"open","sticky":false,"template":"","format":"standard","meta":{"footnotes":""},"categories":[1],"tags":[],"class_list":["post-4731","post","type-post","status-publish","format-standard","hentry","category-egyeb"],"_links":{"self":[{"href":"https:\/\/www.fintamuzeum.hu\/index.php?rest_route=\/wp\/v2\/posts\/4731","targetHints":{"allow":["GET"]}}],"collection":[{"href":"https:\/\/www.fintamuzeum.hu\/index.php?rest_route=\/wp\/v2\/posts"}],"about":[{"href":"https:\/\/www.fintamuzeum.hu\/index.php?rest_route=\/wp\/v2\/types\/post"}],"author":[{"embeddable":true,"href":"https:\/\/www.fintamuzeum.hu\/index.php?rest_route=\/wp\/v2\/users\/2"}],"replies":[{"embeddable":true,"href":"https:\/\/www.fintamuzeum.hu\/index.php?rest_route=%2Fwp%2Fv2%2Fcomments&post=4731"}],"version-history":[{"count":8,"href":"https:\/\/www.fintamuzeum.hu\/index.php?rest_route=\/wp\/v2\/posts\/4731\/revisions"}],"predecessor-version":[{"id":4740,"href":"https:\/\/www.fintamuzeum.hu\/index.php?rest_route=\/wp\/v2\/posts\/4731\/revisions\/4740"}],"wp:attachment":[{"href":"https:\/\/www.fintamuzeum.hu\/index.php?rest_route=%2Fwp%2Fv2%2Fmedia&parent=4731"}],"wp:term":[{"taxonomy":"category","embeddable":true,"href":"https:\/\/www.fintamuzeum.hu\/index.php?rest_route=%2Fwp%2Fv2%2Fcategories&post=4731"},{"taxonomy":"post_tag","embeddable":true,"href":"https:\/\/www.fintamuzeum.hu\/index.php?rest_route=%2Fwp%2Fv2%2Ftags&post=4731"}],"curies":[{"name":"wp","href":"https:\/\/api.w.org\/{rel}","templated":true}]}}