{"id":4695,"date":"2021-08-20T13:29:44","date_gmt":"2021-08-20T11:29:44","guid":{"rendered":"http:\/\/www.fintamuzeum.hu\/?p=4695"},"modified":"2021-11-11T08:27:02","modified_gmt":"2021-11-11T07:27:02","slug":"70-eves-a-muzeum","status":"publish","type":"post","link":"https:\/\/www.fintamuzeum.hu\/?p=4695","title":{"rendered":"70 \u00e9ves a m\u00fazeum"},"content":{"rendered":"\n<p>A m\u00fazeumot Dank\u00f3 Imre alap\u00edtotta. Fiatal pedag\u00f3gusk\u00e9nt 1950 augusztus\u00e1ban kezdett dolgozni T\u00farkev\u00e9n. Gy\u0171jt\u0151munk\u00e1j\u00e1nak eredm\u00e9nyek\u00e9nt ny\u00edlt meg az els\u0151 ki\u00e1ll\u00edt\u00e1s a kor\u00e1bbi Levente otthon \u00e9p\u00fclet\u00e9ben 1951. augusztus 20-\u00e1n. A t\u00e1rlatot a M\u00fazeumok \u00e9s M\u0171eml\u00e9kek Orsz\u00e1gos K\u00f6zpontja nev\u00e9ben Balassa Iv\u00e1n f\u0151igazgat\u00f3 nyitotta meg.<br>Ennek m\u00e1r 70 \u00e9ve.<br>\u00cdme n\u00e9h\u00e1ny fontos momentum az elm\u00falt h\u00e9t \u00e9vtizedb\u0151l (a teljess\u00e9g ig\u00e9nye n\u00e9lk\u00fcl).<\/p>\n\n\n\n<figure class=\"wp-block-embed-youtube wp-block-embed is-type-video is-provider-youtube wp-embed-aspect-16-9 wp-has-aspect-ratio\"><div class=\"wp-block-embed__wrapper\">\n<iframe loading=\"lazy\" title=\"70 \u00e9v villan\u00e1sai\" width=\"640\" height=\"360\" src=\"https:\/\/www.youtube.com\/embed\/xOEGDbpmgIo?feature=oembed\" frameborder=\"0\" allow=\"accelerometer; autoplay; clipboard-write; encrypted-media; gyroscope; picture-in-picture; web-share\" referrerpolicy=\"strict-origin-when-cross-origin\" allowfullscreen><\/iframe>\n<\/div><\/figure>\n","protected":false},"excerpt":{"rendered":"<p>A m\u00fazeumot Dank\u00f3 Imre alap\u00edtotta. Fiatal pedag\u00f3gusk\u00e9nt 1950 augusztus\u00e1ban kezdett dolgozni T\u00farkev\u00e9n. Gy\u0171jt\u0151munk\u00e1j\u00e1nak eredm\u00e9nyek\u00e9nt ny\u00edlt meg az els\u0151 ki\u00e1ll\u00edt\u00e1s a kor\u00e1bbi Levente otthon \u00e9p\u00fclet\u00e9ben 1951. augusztus 20-\u00e1n. A t\u00e1rlatot a M\u00fazeumok \u00e9s M\u0171eml\u00e9kek Orsz\u00e1gos K\u00f6zpontja nev\u00e9ben Balassa Iv\u00e1n f\u0151igazgat\u00f3 nyitotta &hellip; <a href=\"https:\/\/www.fintamuzeum.hu\/?p=4695\">Egy kattint\u00e1s ide a folytat\u00e1shoz&#8230;. <span class=\"meta-nav\">&rarr;<\/span><\/a><\/p>\n","protected":false},"author":2,"featured_media":0,"comment_status":"closed","ping_status":"closed","sticky":false,"template":"","format":"standard","meta":{"footnotes":""},"categories":[1,4],"tags":[],"class_list":["post-4695","post","type-post","status-publish","format-standard","hentry","category-egyeb","category-video-tudositas"],"_links":{"self":[{"href":"https:\/\/www.fintamuzeum.hu\/index.php?rest_route=\/wp\/v2\/posts\/4695","targetHints":{"allow":["GET"]}}],"collection":[{"href":"https:\/\/www.fintamuzeum.hu\/index.php?rest_route=\/wp\/v2\/posts"}],"about":[{"href":"https:\/\/www.fintamuzeum.hu\/index.php?rest_route=\/wp\/v2\/types\/post"}],"author":[{"embeddable":true,"href":"https:\/\/www.fintamuzeum.hu\/index.php?rest_route=\/wp\/v2\/users\/2"}],"replies":[{"embeddable":true,"href":"https:\/\/www.fintamuzeum.hu\/index.php?rest_route=%2Fwp%2Fv2%2Fcomments&post=4695"}],"version-history":[{"count":1,"href":"https:\/\/www.fintamuzeum.hu\/index.php?rest_route=\/wp\/v2\/posts\/4695\/revisions"}],"predecessor-version":[{"id":4696,"href":"https:\/\/www.fintamuzeum.hu\/index.php?rest_route=\/wp\/v2\/posts\/4695\/revisions\/4696"}],"wp:attachment":[{"href":"https:\/\/www.fintamuzeum.hu\/index.php?rest_route=%2Fwp%2Fv2%2Fmedia&parent=4695"}],"wp:term":[{"taxonomy":"category","embeddable":true,"href":"https:\/\/www.fintamuzeum.hu\/index.php?rest_route=%2Fwp%2Fv2%2Fcategories&post=4695"},{"taxonomy":"post_tag","embeddable":true,"href":"https:\/\/www.fintamuzeum.hu\/index.php?rest_route=%2Fwp%2Fv2%2Ftags&post=4695"}],"curies":[{"name":"wp","href":"https:\/\/api.w.org\/{rel}","templated":true}]}}