{"id":4618,"date":"2021-05-04T09:17:02","date_gmt":"2021-05-04T07:17:02","guid":{"rendered":"http:\/\/www.fintamuzeum.hu\/?p=4618"},"modified":"2021-11-11T08:26:37","modified_gmt":"2021-11-11T07:26:37","slug":"ujra-nyitva","status":"publish","type":"post","link":"https:\/\/www.fintamuzeum.hu\/?p=4618","title":{"rendered":"\u00dajra nyitva"},"content":{"rendered":"\n<p>A Finta M\u00fazeum ism\u00e9t v\u00e1rja a kedves l\u00e1togat\u00f3kat. A bel\u00e9p\u00e9s r\u00e9szletes felt\u00e9teleir\u0151l mindenki t\u00e1j\u00e9koz\u00f3dhat <a rel=\"noreferrer noopener\" href=\"https:\/\/magyarkozlony.hu\/dokumentumok\/0012eabbdd41b625420afff9c09cd0672e477457\/megtekintes\" target=\"_blank\">194\/2021. (IV. 26.) Korm. rendelet<\/a> rendeletben. <\/p>\n\n\n\n<p>A m\u00fazeumot kiz\u00e1r\u00f3lag a koronav\u00edrus ellen v\u00e9dett szem\u00e9lyek, illet\u0151leg az \u0151 fel\u00fcgyelet\u00fck alatt l\u00e9v\u0151 tizennyolcadik \u00e9let\u00e9v\u00e9t be nem t\u00f6lt\u00f6tt szem\u00e9lyek<br>l\u00e1togathatj\u00e1k. A m\u00fazeum k\u00f6teles felh\u00edvni a m\u00fazeumba bel\u00e9pni k\u00edv\u00e1n\u00f3<br>szem\u00e9lyt a koronav\u00edrus elleni v\u00e9detts\u00e9g, illet\u0151leg kiskor\u00fa eset\u00e9n az \u00e9letkora igazol\u00e1s\u00e1ra.<\/p>\n\n\n\n<p>A koronav\u00edrus ellen v\u00e9dett szem\u00e9ly, valamint a fel\u00fcgyelete alatt l\u00e9v\u0151<br>tizennyolcadik \u00e9let\u00e9v\u00e9t be nem t\u00f6lt\u00f6tt szem\u00e9ly nem k\u00f6teles maszkot viselni.<\/p>\n\n\n\n<p><\/p>\n","protected":false},"excerpt":{"rendered":"<p>A Finta M\u00fazeum ism\u00e9t v\u00e1rja a kedves l\u00e1togat\u00f3kat. A bel\u00e9p\u00e9s r\u00e9szletes felt\u00e9teleir\u0151l mindenki t\u00e1j\u00e9koz\u00f3dhat 194\/2021. (IV. 26.) Korm. rendelet rendeletben. A m\u00fazeumot kiz\u00e1r\u00f3lag a koronav\u00edrus ellen v\u00e9dett szem\u00e9lyek, illet\u0151leg az \u0151 fel\u00fcgyelet\u00fck alatt l\u00e9v\u0151 tizennyolcadik \u00e9let\u00e9v\u00e9t be nem t\u00f6lt\u00f6tt szem\u00e9lyekl\u00e1togathatj\u00e1k. &hellip; <a href=\"https:\/\/www.fintamuzeum.hu\/?p=4618\">Egy kattint\u00e1s ide a folytat\u00e1shoz&#8230;. <span class=\"meta-nav\">&rarr;<\/span><\/a><\/p>\n","protected":false},"author":2,"featured_media":0,"comment_status":"closed","ping_status":"closed","sticky":false,"template":"","format":"standard","meta":{"footnotes":""},"categories":[1],"tags":[],"class_list":["post-4618","post","type-post","status-publish","format-standard","hentry","category-egyeb"],"_links":{"self":[{"href":"https:\/\/www.fintamuzeum.hu\/index.php?rest_route=\/wp\/v2\/posts\/4618","targetHints":{"allow":["GET"]}}],"collection":[{"href":"https:\/\/www.fintamuzeum.hu\/index.php?rest_route=\/wp\/v2\/posts"}],"about":[{"href":"https:\/\/www.fintamuzeum.hu\/index.php?rest_route=\/wp\/v2\/types\/post"}],"author":[{"embeddable":true,"href":"https:\/\/www.fintamuzeum.hu\/index.php?rest_route=\/wp\/v2\/users\/2"}],"replies":[{"embeddable":true,"href":"https:\/\/www.fintamuzeum.hu\/index.php?rest_route=%2Fwp%2Fv2%2Fcomments&post=4618"}],"version-history":[{"count":4,"href":"https:\/\/www.fintamuzeum.hu\/index.php?rest_route=\/wp\/v2\/posts\/4618\/revisions"}],"predecessor-version":[{"id":4622,"href":"https:\/\/www.fintamuzeum.hu\/index.php?rest_route=\/wp\/v2\/posts\/4618\/revisions\/4622"}],"wp:attachment":[{"href":"https:\/\/www.fintamuzeum.hu\/index.php?rest_route=%2Fwp%2Fv2%2Fmedia&parent=4618"}],"wp:term":[{"taxonomy":"category","embeddable":true,"href":"https:\/\/www.fintamuzeum.hu\/index.php?rest_route=%2Fwp%2Fv2%2Fcategories&post=4618"},{"taxonomy":"post_tag","embeddable":true,"href":"https:\/\/www.fintamuzeum.hu\/index.php?rest_route=%2Fwp%2Fv2%2Ftags&post=4618"}],"curies":[{"name":"wp","href":"https:\/\/api.w.org\/{rel}","templated":true}]}}