{"id":4341,"date":"2020-09-18T08:28:01","date_gmt":"2020-09-18T06:28:01","guid":{"rendered":"http:\/\/www.fintamuzeum.hu\/?p=4341"},"modified":"2020-09-18T08:44:15","modified_gmt":"2020-09-18T06:44:15","slug":"kulturalis-orokseg-napjai","status":"publish","type":"post","link":"https:\/\/www.fintamuzeum.hu\/?p=4341","title":{"rendered":"Kultur\u00e1lis \u00d6r\u00f6ks\u00e9g Napjai"},"content":{"rendered":"\n<p>A Kultur\u00e1lis \u00d6r\u00f6ks\u00e9g Napjai alkalm\u00e1b\u00f3l 2020. szeptember 19-20-\u00e1n h\u00e9tv\u00e9g\u00e9n a Finta M\u00fazeum rendk\u00edv\u00fcli nyitva tart\u00e1ssal v\u00e1rja a kedves l\u00e1togat\u00f3kat (9-12; 14-17). Mindk\u00e9t \u00e9p\u00fclet\u00fcnk \u00f6sszes ki\u00e1ll\u00edt\u00e1sa ezekben az id\u0151pontokban ingyenesen tekinthet\u0151 meg. Vas\u00e1rnap a Finta M\u00fazeumban szakmai t\u00e1rlatvezet\u00e9s is v\u00e1rja a l\u00e1togat\u00f3kat.<\/p>\n\n\n\n<figure class=\"wp-block-image size-large is-resized\"><a href=\"http:\/\/oroksegnapok.gov.hu\/\"><img loading=\"lazy\" decoding=\"async\" src=\"https:\/\/www.fintamuzeum.hu\/wp-content\/uploads\/2020\/09\/kavics-kek_-1024x721.jpg\" alt=\"\" class=\"wp-image-4343\" width=\"341\" height=\"240\" srcset=\"https:\/\/www.fintamuzeum.hu\/wp-content\/uploads\/2020\/09\/kavics-kek_-1024x721.jpg 1024w, https:\/\/www.fintamuzeum.hu\/wp-content\/uploads\/2020\/09\/kavics-kek_-300x211.jpg 300w, https:\/\/www.fintamuzeum.hu\/wp-content\/uploads\/2020\/09\/kavics-kek_-768x541.jpg 768w, https:\/\/www.fintamuzeum.hu\/wp-content\/uploads\/2020\/09\/kavics-kek_-1536x1081.jpg 1536w, https:\/\/www.fintamuzeum.hu\/wp-content\/uploads\/2020\/09\/kavics-kek_.jpg 2000w\" sizes=\"auto, (max-width: 341px) 100vw, 341px\" \/><\/a><\/figure>\n\n\n\n<p><\/p>\n\n\n\n<p><\/p>\n","protected":false},"excerpt":{"rendered":"<p>A Kultur\u00e1lis \u00d6r\u00f6ks\u00e9g Napjai alkalm\u00e1b\u00f3l 2020. szeptember 19-20-\u00e1n h\u00e9tv\u00e9g\u00e9n a Finta M\u00fazeum rendk\u00edv\u00fcli nyitva tart\u00e1ssal v\u00e1rja a kedves l\u00e1togat\u00f3kat (9-12; 14-17). Mindk\u00e9t \u00e9p\u00fclet\u00fcnk \u00f6sszes ki\u00e1ll\u00edt\u00e1sa ezekben az id\u0151pontokban ingyenesen tekinthet\u0151 meg. Vas\u00e1rnap a Finta M\u00fazeumban szakmai t\u00e1rlatvezet\u00e9s is v\u00e1rja a &hellip; <a href=\"https:\/\/www.fintamuzeum.hu\/?p=4341\">Egy kattint\u00e1s ide a folytat\u00e1shoz&#8230;. <span class=\"meta-nav\">&rarr;<\/span><\/a><\/p>\n","protected":false},"author":2,"featured_media":0,"comment_status":"closed","ping_status":"open","sticky":false,"template":"","format":"standard","meta":{"footnotes":""},"categories":[1],"tags":[],"class_list":["post-4341","post","type-post","status-publish","format-standard","hentry","category-egyeb"],"_links":{"self":[{"href":"https:\/\/www.fintamuzeum.hu\/index.php?rest_route=\/wp\/v2\/posts\/4341","targetHints":{"allow":["GET"]}}],"collection":[{"href":"https:\/\/www.fintamuzeum.hu\/index.php?rest_route=\/wp\/v2\/posts"}],"about":[{"href":"https:\/\/www.fintamuzeum.hu\/index.php?rest_route=\/wp\/v2\/types\/post"}],"author":[{"embeddable":true,"href":"https:\/\/www.fintamuzeum.hu\/index.php?rest_route=\/wp\/v2\/users\/2"}],"replies":[{"embeddable":true,"href":"https:\/\/www.fintamuzeum.hu\/index.php?rest_route=%2Fwp%2Fv2%2Fcomments&post=4341"}],"version-history":[{"count":4,"href":"https:\/\/www.fintamuzeum.hu\/index.php?rest_route=\/wp\/v2\/posts\/4341\/revisions"}],"predecessor-version":[{"id":4346,"href":"https:\/\/www.fintamuzeum.hu\/index.php?rest_route=\/wp\/v2\/posts\/4341\/revisions\/4346"}],"wp:attachment":[{"href":"https:\/\/www.fintamuzeum.hu\/index.php?rest_route=%2Fwp%2Fv2%2Fmedia&parent=4341"}],"wp:term":[{"taxonomy":"category","embeddable":true,"href":"https:\/\/www.fintamuzeum.hu\/index.php?rest_route=%2Fwp%2Fv2%2Fcategories&post=4341"},{"taxonomy":"post_tag","embeddable":true,"href":"https:\/\/www.fintamuzeum.hu\/index.php?rest_route=%2Fwp%2Fv2%2Ftags&post=4341"}],"curies":[{"name":"wp","href":"https:\/\/api.w.org\/{rel}","templated":true}]}}