{"id":4040,"date":"2019-12-09T11:40:06","date_gmt":"2019-12-09T10:40:06","guid":{"rendered":"http:\/\/www.fintamuzeum.hu\/?p=4040"},"modified":"2020-06-16T08:00:32","modified_gmt":"2020-06-16T06:00:32","slug":"4040","status":"publish","type":"post","link":"https:\/\/www.fintamuzeum.hu\/?p=4040","title":{"rendered":""},"content":{"rendered":"<p>Tisztelt L\u00e1togat\u00f3ink!<\/p>\n<p>2019. december 16\u20132020. janu\u00e1r 12.<br \/>\nk\u00f6z\u00f6tt ki\u00e1ll\u00edt\u00e1saink csak el\u0151zetes telefonos bejelentkez\u00e9st k\u00f6vet\u0151en \u2013 melyet legk\u00e9s\u0151bb a l\u00e1togat\u00e1s el\u0151tt 24 \u00f3r\u00e1val k\u00e9r\u00fcnk jelezni \u2013 l\u00e1togathat\u00f3ak rendes nyitvatart\u00e1si id\u0151ben.<br \/>\n(december 25-26, janu\u00e1r 1. ki\u00e1ll\u00edt\u00e1saink z\u00e1rva tartanak!)<br \/>\nMeg\u00e9rt\u00e9s\u00fcket k\u00f6sz\u00f6nj\u00fck!<br \/>\nA k\u00f6vetkez\u0151 telefonsz\u00e1mon lehet bejelentkezni:<br \/>\nKap\u00e1s J\u00e1nos Zsolt \u2013 0620-445-0429<\/p>\n<p><a href=\"https:\/\/www.fintamuzeum.hu\/wp-content\/uploads\/2019\/12\/FMKaracsony1.jpg\"><img loading=\"lazy\" decoding=\"async\" class=\"alignnone size-full wp-image-4041\" src=\"https:\/\/www.fintamuzeum.hu\/wp-content\/uploads\/2019\/12\/FMKaracsony1.jpg\" alt=\"\" width=\"1024\" height=\"658\" srcset=\"https:\/\/www.fintamuzeum.hu\/wp-content\/uploads\/2019\/12\/FMKaracsony1.jpg 1024w, https:\/\/www.fintamuzeum.hu\/wp-content\/uploads\/2019\/12\/FMKaracsony1-300x193.jpg 300w, https:\/\/www.fintamuzeum.hu\/wp-content\/uploads\/2019\/12\/FMKaracsony1-768x494.jpg 768w\" sizes=\"auto, (max-width: 1024px) 100vw, 1024px\" \/><\/a><\/p>\n","protected":false},"excerpt":{"rendered":"<p>Tisztelt L\u00e1togat\u00f3ink! 2019. december 16\u20132020. janu\u00e1r 12. k\u00f6z\u00f6tt ki\u00e1ll\u00edt\u00e1saink csak el\u0151zetes telefonos bejelentkez\u00e9st k\u00f6vet\u0151en \u2013 melyet legk\u00e9s\u0151bb a l\u00e1togat\u00e1s el\u0151tt 24 \u00f3r\u00e1val k\u00e9r\u00fcnk jelezni \u2013 l\u00e1togathat\u00f3ak rendes nyitvatart\u00e1si id\u0151ben. (december 25-26, janu\u00e1r 1. ki\u00e1ll\u00edt\u00e1saink z\u00e1rva tartanak!) Meg\u00e9rt\u00e9s\u00fcket k\u00f6sz\u00f6nj\u00fck! A k\u00f6vetkez\u0151 &hellip; <a href=\"https:\/\/www.fintamuzeum.hu\/?p=4040\">Egy kattint\u00e1s ide a folytat\u00e1shoz&#8230;. <span class=\"meta-nav\">&rarr;<\/span><\/a><\/p>\n","protected":false},"author":2,"featured_media":0,"comment_status":"closed","ping_status":"closed","sticky":false,"template":"","format":"standard","meta":{"footnotes":""},"categories":[5],"tags":[],"class_list":["post-4040","post","type-post","status-publish","format-standard","hentry","category-kozlemeny"],"_links":{"self":[{"href":"https:\/\/www.fintamuzeum.hu\/index.php?rest_route=\/wp\/v2\/posts\/4040","targetHints":{"allow":["GET"]}}],"collection":[{"href":"https:\/\/www.fintamuzeum.hu\/index.php?rest_route=\/wp\/v2\/posts"}],"about":[{"href":"https:\/\/www.fintamuzeum.hu\/index.php?rest_route=\/wp\/v2\/types\/post"}],"author":[{"embeddable":true,"href":"https:\/\/www.fintamuzeum.hu\/index.php?rest_route=\/wp\/v2\/users\/2"}],"replies":[{"embeddable":true,"href":"https:\/\/www.fintamuzeum.hu\/index.php?rest_route=%2Fwp%2Fv2%2Fcomments&post=4040"}],"version-history":[{"count":1,"href":"https:\/\/www.fintamuzeum.hu\/index.php?rest_route=\/wp\/v2\/posts\/4040\/revisions"}],"predecessor-version":[{"id":4043,"href":"https:\/\/www.fintamuzeum.hu\/index.php?rest_route=\/wp\/v2\/posts\/4040\/revisions\/4043"}],"wp:attachment":[{"href":"https:\/\/www.fintamuzeum.hu\/index.php?rest_route=%2Fwp%2Fv2%2Fmedia&parent=4040"}],"wp:term":[{"taxonomy":"category","embeddable":true,"href":"https:\/\/www.fintamuzeum.hu\/index.php?rest_route=%2Fwp%2Fv2%2Fcategories&post=4040"},{"taxonomy":"post_tag","embeddable":true,"href":"https:\/\/www.fintamuzeum.hu\/index.php?rest_route=%2Fwp%2Fv2%2Ftags&post=4040"}],"curies":[{"name":"wp","href":"https:\/\/api.w.org\/{rel}","templated":true}]}}