{"id":3836,"date":"2019-04-23T10:36:37","date_gmt":"2019-04-23T08:36:37","guid":{"rendered":"http:\/\/www.fintamuzeum.hu\/?p=3836"},"modified":"2019-04-25T11:17:39","modified_gmt":"2019-04-25T09:17:39","slug":"pasztorok-gunyaja-meghivo","status":"publish","type":"post","link":"https:\/\/www.fintamuzeum.hu\/?p=3836","title":{"rendered":"P\u00e1sztorok g\u00fany\u00e1ja &#8211; megh\u00edv\u00f3"},"content":{"rendered":"<p>&nbsp;<\/p>\n<p><a href=\"https:\/\/www.fintamuzeum.hu\/wp-content\/uploads\/2019\/04\/FMPasztorokGunyaja_b.jpg\"><img loading=\"lazy\" decoding=\"async\" class=\"alignnone wp-image-3838\" src=\"https:\/\/www.fintamuzeum.hu\/wp-content\/uploads\/2019\/04\/FMPasztorokGunyaja_b.jpg\" alt=\"\" width=\"216\" height=\"467\" srcset=\"https:\/\/www.fintamuzeum.hu\/wp-content\/uploads\/2019\/04\/FMPasztorokGunyaja_b.jpg 440w, https:\/\/www.fintamuzeum.hu\/wp-content\/uploads\/2019\/04\/FMPasztorokGunyaja_b-139x300.jpg 139w\" sizes=\"auto, (max-width: 216px) 100vw, 216px\" \/><\/a><a href=\"https:\/\/www.fintamuzeum.hu\/wp-content\/uploads\/2019\/04\/FMPasztorokGunyaja_a.jpg\"><img loading=\"lazy\" decoding=\"async\" class=\"alignnone wp-image-3837\" src=\"https:\/\/www.fintamuzeum.hu\/wp-content\/uploads\/2019\/04\/FMPasztorokGunyaja_a.jpg\" alt=\"\" width=\"216\" height=\"467\" srcset=\"https:\/\/www.fintamuzeum.hu\/wp-content\/uploads\/2019\/04\/FMPasztorokGunyaja_a.jpg 445w, https:\/\/www.fintamuzeum.hu\/wp-content\/uploads\/2019\/04\/FMPasztorokGunyaja_a-139x300.jpg 139w\" sizes=\"auto, (max-width: 216px) 100vw, 216px\" \/><\/a><\/p>\n<p>Mindenkit szeretettel h\u00edvunk a <a href=\"https:\/\/www.kevijuhaszfesztival.com\/programok\/\">XXI. Kevi Juh\u00e1szfesztiv\u00e1lon<\/a> ny\u00edl\u00f3 \u00faj id\u0151szaki ki\u00e1ll\u00edt\u00e1sunkra.<\/p>\n<p>A Kevi Juh\u00e1szfesztiv\u00e1lon rendk\u00edv\u00fcli nyitva tart\u00e1ssal v\u00e1rja a Finta M\u00fazeum \u00e9s a Vad\u00e1sz P\u00e1l Ki\u00e1ll\u00edt\u00f3terem a l\u00e1togat\u00f3kat.<br \/>\nFinta M\u00fazeum (Attila u. 1.)- m\u00e1jus 18: 9-17; m\u00e1jus 19: 9-17;<br \/>\nVad\u00e1sz P\u00e1l Ki\u00e1ll\u00edt\u00f3terem (Kossuth u. 6.)- m\u00e1jus 18: 9-17; m\u00e1jus 19: 9-17;<br \/>\nA Vad\u00e1sz P\u00e1l Ki\u00e1ll\u00edt\u00f3terem id\u0151szaki ki\u00e1ll\u00edt\u00e1sai 18-\u00e1n d\u00e9lig ingyenesen megtekinthet\u0151k.<\/p>\n","protected":false},"excerpt":{"rendered":"<p>&nbsp; Mindenkit szeretettel h\u00edvunk a XXI. Kevi Juh\u00e1szfesztiv\u00e1lon ny\u00edl\u00f3 \u00faj id\u0151szaki ki\u00e1ll\u00edt\u00e1sunkra. A Kevi Juh\u00e1szfesztiv\u00e1lon rendk\u00edv\u00fcli nyitva tart\u00e1ssal v\u00e1rja a Finta M\u00fazeum \u00e9s a Vad\u00e1sz P\u00e1l Ki\u00e1ll\u00edt\u00f3terem a l\u00e1togat\u00f3kat. Finta M\u00fazeum (Attila u. 1.)- m\u00e1jus 18: 9-17; m\u00e1jus 19: 9-17; &hellip; <a href=\"https:\/\/www.fintamuzeum.hu\/?p=3836\">Egy kattint\u00e1s ide a folytat\u00e1shoz&#8230;. <span class=\"meta-nav\">&rarr;<\/span><\/a><\/p>\n","protected":false},"author":2,"featured_media":0,"comment_status":"closed","ping_status":"closed","sticky":false,"template":"","format":"standard","meta":{"footnotes":""},"categories":[6],"tags":[],"class_list":["post-3836","post","type-post","status-publish","format-standard","hentry","category-kiallitas"],"_links":{"self":[{"href":"https:\/\/www.fintamuzeum.hu\/index.php?rest_route=\/wp\/v2\/posts\/3836","targetHints":{"allow":["GET"]}}],"collection":[{"href":"https:\/\/www.fintamuzeum.hu\/index.php?rest_route=\/wp\/v2\/posts"}],"about":[{"href":"https:\/\/www.fintamuzeum.hu\/index.php?rest_route=\/wp\/v2\/types\/post"}],"author":[{"embeddable":true,"href":"https:\/\/www.fintamuzeum.hu\/index.php?rest_route=\/wp\/v2\/users\/2"}],"replies":[{"embeddable":true,"href":"https:\/\/www.fintamuzeum.hu\/index.php?rest_route=%2Fwp%2Fv2%2Fcomments&post=3836"}],"version-history":[{"count":3,"href":"https:\/\/www.fintamuzeum.hu\/index.php?rest_route=\/wp\/v2\/posts\/3836\/revisions"}],"predecessor-version":[{"id":3842,"href":"https:\/\/www.fintamuzeum.hu\/index.php?rest_route=\/wp\/v2\/posts\/3836\/revisions\/3842"}],"wp:attachment":[{"href":"https:\/\/www.fintamuzeum.hu\/index.php?rest_route=%2Fwp%2Fv2%2Fmedia&parent=3836"}],"wp:term":[{"taxonomy":"category","embeddable":true,"href":"https:\/\/www.fintamuzeum.hu\/index.php?rest_route=%2Fwp%2Fv2%2Fcategories&post=3836"},{"taxonomy":"post_tag","embeddable":true,"href":"https:\/\/www.fintamuzeum.hu\/index.php?rest_route=%2Fwp%2Fv2%2Ftags&post=3836"}],"curies":[{"name":"wp","href":"https:\/\/api.w.org\/{rel}","templated":true}]}}