{"id":3833,"date":"2019-04-17T11:22:14","date_gmt":"2019-04-17T09:22:14","guid":{"rendered":"http:\/\/www.fintamuzeum.hu\/?p=3833"},"modified":"2019-04-17T11:23:01","modified_gmt":"2019-04-17T09:23:01","slug":"husveti-unnepi-nyitva-tartas","status":"publish","type":"post","link":"https:\/\/www.fintamuzeum.hu\/?p=3833","title":{"rendered":"H\u00fasv\u00e9ti \u00fcnnepi nyitva tart\u00e1s"},"content":{"rendered":"<p>Kedves M\u00fazeuml\u00e1togat\u00f3!<\/p>\n<p>A Finta M\u00fazeum \u00e9s Vad\u00e1sz P\u00e1l Ki\u00e1ll\u00edt\u00f3terem \u00fcnnepi nyitva tart\u00e1sa:<\/p>\n<p>2019. \u00e1prilis 19. p\u00e9ntek (z\u00e1rva)<br \/>\n2019. \u00e1prilis 20. szombat (a megszokott <a href=\"https:\/\/www.fintamuzeum.hu\/?page_id=14\">nyitva tart\u00e1s<\/a>)<br \/>\n2019. \u00e1prilis 21-22. vas\u00e1rnap-h\u00e9tf\u0151 (z\u00e1rva)<\/p>\n<p>Meg\u00e9rt\u00e9s\u00fcket k\u00f6sz\u00f6nj\u00fck! Mindenkinek kellemes h\u00fasv\u00e9ti \u00fcnnepeket k\u00edv\u00e1nunk!<\/p>\n","protected":false},"excerpt":{"rendered":"<p>Kedves M\u00fazeuml\u00e1togat\u00f3! A Finta M\u00fazeum \u00e9s Vad\u00e1sz P\u00e1l Ki\u00e1ll\u00edt\u00f3terem \u00fcnnepi nyitva tart\u00e1sa: 2019. \u00e1prilis 19. p\u00e9ntek (z\u00e1rva) 2019. \u00e1prilis 20. szombat (a megszokott nyitva tart\u00e1s) 2019. \u00e1prilis 21-22. vas\u00e1rnap-h\u00e9tf\u0151 (z\u00e1rva) Meg\u00e9rt\u00e9s\u00fcket k\u00f6sz\u00f6nj\u00fck! Mindenkinek kellemes h\u00fasv\u00e9ti \u00fcnnepeket k\u00edv\u00e1nunk!<\/p>\n","protected":false},"author":2,"featured_media":0,"comment_status":"closed","ping_status":"closed","sticky":false,"template":"","format":"standard","meta":{"footnotes":""},"categories":[5],"tags":[],"class_list":["post-3833","post","type-post","status-publish","format-standard","hentry","category-kozlemeny"],"_links":{"self":[{"href":"https:\/\/www.fintamuzeum.hu\/index.php?rest_route=\/wp\/v2\/posts\/3833","targetHints":{"allow":["GET"]}}],"collection":[{"href":"https:\/\/www.fintamuzeum.hu\/index.php?rest_route=\/wp\/v2\/posts"}],"about":[{"href":"https:\/\/www.fintamuzeum.hu\/index.php?rest_route=\/wp\/v2\/types\/post"}],"author":[{"embeddable":true,"href":"https:\/\/www.fintamuzeum.hu\/index.php?rest_route=\/wp\/v2\/users\/2"}],"replies":[{"embeddable":true,"href":"https:\/\/www.fintamuzeum.hu\/index.php?rest_route=%2Fwp%2Fv2%2Fcomments&post=3833"}],"version-history":[{"count":2,"href":"https:\/\/www.fintamuzeum.hu\/index.php?rest_route=\/wp\/v2\/posts\/3833\/revisions"}],"predecessor-version":[{"id":3835,"href":"https:\/\/www.fintamuzeum.hu\/index.php?rest_route=\/wp\/v2\/posts\/3833\/revisions\/3835"}],"wp:attachment":[{"href":"https:\/\/www.fintamuzeum.hu\/index.php?rest_route=%2Fwp%2Fv2%2Fmedia&parent=3833"}],"wp:term":[{"taxonomy":"category","embeddable":true,"href":"https:\/\/www.fintamuzeum.hu\/index.php?rest_route=%2Fwp%2Fv2%2Fcategories&post=3833"},{"taxonomy":"post_tag","embeddable":true,"href":"https:\/\/www.fintamuzeum.hu\/index.php?rest_route=%2Fwp%2Fv2%2Ftags&post=3833"}],"curies":[{"name":"wp","href":"https:\/\/api.w.org\/{rel}","templated":true}]}}