{"id":3769,"date":"2018-12-17T10:34:06","date_gmt":"2018-12-17T09:34:06","guid":{"rendered":"http:\/\/www.fintamuzeum.hu\/?p=3769"},"modified":"2019-01-15T10:49:13","modified_gmt":"2019-01-15T09:49:13","slug":"ev-vegi-nyitva-tartas-3","status":"publish","type":"post","link":"https:\/\/www.fintamuzeum.hu\/?p=3769","title":{"rendered":"\u00c9v v\u00e9gi nyitva tart\u00e1s"},"content":{"rendered":"<p>Tisztelt L\u00e1togat\u00f3ink!<\/p>\n<p>2018. december 17\u20132019. janu\u00e1r 14.<br \/>\nk\u00f6z\u00f6tt ki\u00e1ll\u00edt\u00e1saink csak el\u0151zetes telefonos bejelentkez\u00e9st k\u00f6vet\u0151en \u2013 melyet legk\u00e9s\u0151bb a l\u00e1togat\u00e1s el\u0151tt 24 \u00f3r\u00e1val k\u00e9r\u00fcnk jelezni \u2013 l\u00e1togathat\u00f3ak rendes nyitvatart\u00e1si id\u0151ben.<br \/>\n(december 25-26, janu\u00e1r 1. ki\u00e1ll\u00edt\u00e1saink z\u00e1rva tartanak!)<br \/>\nMeg\u00e9rt\u00e9s\u00fcket k\u00f6sz\u00f6nj\u00fck!<br \/>\nA k\u00f6vetkez\u0151 telefonsz\u00e1mon lehet bejelentkezni:<br \/>\nKap\u00e1s J\u00e1nos Zsolt \u2013 0620-445-0429<br \/>\n<a href=\"https:\/\/www.fintamuzeum.hu\/wp-content\/uploads\/2018\/12\/FMkaracsony2018_kosz_a.jpg\"><img loading=\"lazy\" decoding=\"async\" class=\"alignnone size-full wp-image-3774\" src=\"https:\/\/www.fintamuzeum.hu\/wp-content\/uploads\/2018\/12\/FMkaracsony2018_kosz_a.jpg\" alt=\"\" width=\"1650\" height=\"1136\" srcset=\"https:\/\/www.fintamuzeum.hu\/wp-content\/uploads\/2018\/12\/FMkaracsony2018_kosz_a.jpg 1650w, https:\/\/www.fintamuzeum.hu\/wp-content\/uploads\/2018\/12\/FMkaracsony2018_kosz_a-300x207.jpg 300w, https:\/\/www.fintamuzeum.hu\/wp-content\/uploads\/2018\/12\/FMkaracsony2018_kosz_a-768x529.jpg 768w, https:\/\/www.fintamuzeum.hu\/wp-content\/uploads\/2018\/12\/FMkaracsony2018_kosz_a-1024x705.jpg 1024w\" sizes=\"auto, (max-width: 1650px) 100vw, 1650px\" \/><\/a><\/p>\n","protected":false},"excerpt":{"rendered":"<p>Tisztelt L\u00e1togat\u00f3ink! 2018. december 17\u20132019. janu\u00e1r 14. k\u00f6z\u00f6tt ki\u00e1ll\u00edt\u00e1saink csak el\u0151zetes telefonos bejelentkez\u00e9st k\u00f6vet\u0151en \u2013 melyet legk\u00e9s\u0151bb a l\u00e1togat\u00e1s el\u0151tt 24 \u00f3r\u00e1val k\u00e9r\u00fcnk jelezni \u2013 l\u00e1togathat\u00f3ak rendes nyitvatart\u00e1si id\u0151ben. (december 25-26, janu\u00e1r 1. ki\u00e1ll\u00edt\u00e1saink z\u00e1rva tartanak!) Meg\u00e9rt\u00e9s\u00fcket k\u00f6sz\u00f6nj\u00fck! A k\u00f6vetkez\u0151 &hellip; <a href=\"https:\/\/www.fintamuzeum.hu\/?p=3769\">Egy kattint\u00e1s ide a folytat\u00e1shoz&#8230;. <span class=\"meta-nav\">&rarr;<\/span><\/a><\/p>\n","protected":false},"author":2,"featured_media":0,"comment_status":"closed","ping_status":"closed","sticky":false,"template":"","format":"standard","meta":{"footnotes":""},"categories":[5],"tags":[],"class_list":["post-3769","post","type-post","status-publish","format-standard","hentry","category-kozlemeny"],"_links":{"self":[{"href":"https:\/\/www.fintamuzeum.hu\/index.php?rest_route=\/wp\/v2\/posts\/3769","targetHints":{"allow":["GET"]}}],"collection":[{"href":"https:\/\/www.fintamuzeum.hu\/index.php?rest_route=\/wp\/v2\/posts"}],"about":[{"href":"https:\/\/www.fintamuzeum.hu\/index.php?rest_route=\/wp\/v2\/types\/post"}],"author":[{"embeddable":true,"href":"https:\/\/www.fintamuzeum.hu\/index.php?rest_route=\/wp\/v2\/users\/2"}],"replies":[{"embeddable":true,"href":"https:\/\/www.fintamuzeum.hu\/index.php?rest_route=%2Fwp%2Fv2%2Fcomments&post=3769"}],"version-history":[{"count":4,"href":"https:\/\/www.fintamuzeum.hu\/index.php?rest_route=\/wp\/v2\/posts\/3769\/revisions"}],"predecessor-version":[{"id":3775,"href":"https:\/\/www.fintamuzeum.hu\/index.php?rest_route=\/wp\/v2\/posts\/3769\/revisions\/3775"}],"wp:attachment":[{"href":"https:\/\/www.fintamuzeum.hu\/index.php?rest_route=%2Fwp%2Fv2%2Fmedia&parent=3769"}],"wp:term":[{"taxonomy":"category","embeddable":true,"href":"https:\/\/www.fintamuzeum.hu\/index.php?rest_route=%2Fwp%2Fv2%2Fcategories&post=3769"},{"taxonomy":"post_tag","embeddable":true,"href":"https:\/\/www.fintamuzeum.hu\/index.php?rest_route=%2Fwp%2Fv2%2Ftags&post=3769"}],"curies":[{"name":"wp","href":"https:\/\/api.w.org\/{rel}","templated":true}]}}