{"id":3500,"date":"2018-05-11T15:41:20","date_gmt":"2018-05-11T13:41:20","guid":{"rendered":"http:\/\/www.fintamuzeum.hu\/?p=3500"},"modified":"2018-05-11T15:50:34","modified_gmt":"2018-05-11T13:50:34","slug":"3500","status":"publish","type":"post","link":"https:\/\/www.fintamuzeum.hu\/?p=3500","title":{"rendered":"XX. Juh\u00e1szfesztiv\u00e1l &#8211; Kabai L\u00e1szl\u00f3 fot\u00f3ki\u00e1ll\u00edt\u00e1sa"},"content":{"rendered":"<p>A\u00a0<a href=\"https:\/\/www.kevijuhaszfesztival.com\/programok\/\">XX. Kevi Juh\u00e1szfesztiv\u00e1l<\/a>\u00a0alkalm\u00e1b\u00f3l rendk\u00edv\u00fcli nyitva tart\u00e1ssal v\u00e1rjuk kedves l\u00e1togat\u00f3inkat, a Finta M\u00fazeumban \u00e9s a Vad\u00e1sz P\u00e1l Ki\u00e1ll\u00edt\u00f3teremben szombaton \u00e9s vas\u00e1rnap 9.00-t\u00f3l 17.00-ig.<\/p>\n<p><em>Id\u0151szaki ki\u00e1ll\u00edt\u00e1saink szombaton, a Vad\u00e1sz P\u00e1l Ki\u00e1ll\u00edt\u00f3teremben\u00a0<strong>13.00-ig ingyenesen<\/strong>\u00a0tekinthet\u0151k meg!<\/em><\/p>\n<p>Szeretettel v\u00e1runk mindenkit!<\/p>\n<p>Szeretettel v\u00e1runk mindenkit \u00faj id\u0151szaki ki\u00e1ll\u00edt\u00e1sunk megnyit\u00f3j\u00e1ra: <a href=\"https:\/\/www.fintamuzeum.hu\/?page_id=3492\">Kabai L\u00e1szl\u00f3<\/a> k\u00e9pz\u0151m\u0171v\u00e9sz-tan\u00e1r P\u00e1sztor\u00e9let a Nagykuns\u00e1gban a XXI. sz\u00e1zadban fot\u00f3ki\u00e1ll\u00edt\u00e1sra.<\/p>\n<p><a href=\"https:\/\/www.fintamuzeum.hu\/wp-content\/uploads\/2018\/05\/FMKabaiLmeghivo_b.jpg\"><img loading=\"lazy\" decoding=\"async\" class=\"alignnone size-medium wp-image-3499\" src=\"https:\/\/www.fintamuzeum.hu\/wp-content\/uploads\/2018\/05\/FMKabaiLmeghivo_b-114x300.jpg\" alt=\"FMKabaiLmeghivo_b\" width=\"114\" height=\"300\" srcset=\"https:\/\/www.fintamuzeum.hu\/wp-content\/uploads\/2018\/05\/FMKabaiLmeghivo_b-114x300.jpg 114w, https:\/\/www.fintamuzeum.hu\/wp-content\/uploads\/2018\/05\/FMKabaiLmeghivo_b.jpg 390w\" sizes=\"auto, (max-width: 114px) 100vw, 114px\" \/><\/a> <a href=\"https:\/\/www.fintamuzeum.hu\/wp-content\/uploads\/2018\/05\/FMKabaiLmeghivo_a.jpg\"><img loading=\"lazy\" decoding=\"async\" class=\"alignnone size-medium wp-image-3498\" src=\"https:\/\/www.fintamuzeum.hu\/wp-content\/uploads\/2018\/05\/FMKabaiLmeghivo_a-114x300.jpg\" alt=\"FMKabaiLmeghivo_a\" width=\"114\" height=\"300\" srcset=\"https:\/\/www.fintamuzeum.hu\/wp-content\/uploads\/2018\/05\/FMKabaiLmeghivo_a-114x300.jpg 114w, https:\/\/www.fintamuzeum.hu\/wp-content\/uploads\/2018\/05\/FMKabaiLmeghivo_a.jpg 390w\" sizes=\"auto, (max-width: 114px) 100vw, 114px\" \/><\/a><\/p>\n","protected":false},"excerpt":{"rendered":"<p>A\u00a0XX. Kevi Juh\u00e1szfesztiv\u00e1l\u00a0alkalm\u00e1b\u00f3l rendk\u00edv\u00fcli nyitva tart\u00e1ssal v\u00e1rjuk kedves l\u00e1togat\u00f3inkat, a Finta M\u00fazeumban \u00e9s a Vad\u00e1sz P\u00e1l Ki\u00e1ll\u00edt\u00f3teremben szombaton \u00e9s vas\u00e1rnap 9.00-t\u00f3l 17.00-ig. Id\u0151szaki ki\u00e1ll\u00edt\u00e1saink szombaton, a Vad\u00e1sz P\u00e1l Ki\u00e1ll\u00edt\u00f3teremben\u00a013.00-ig ingyenesen\u00a0tekinthet\u0151k meg! Szeretettel v\u00e1runk mindenkit! Szeretettel v\u00e1runk mindenkit \u00faj id\u0151szaki ki\u00e1ll\u00edt\u00e1sunk &hellip; <a href=\"https:\/\/www.fintamuzeum.hu\/?p=3500\">Egy kattint\u00e1s ide a folytat\u00e1shoz&#8230;. <span class=\"meta-nav\">&rarr;<\/span><\/a><\/p>\n","protected":false},"author":2,"featured_media":0,"comment_status":"closed","ping_status":"closed","sticky":false,"template":"","format":"standard","meta":{"footnotes":""},"categories":[6,5],"tags":[],"class_list":["post-3500","post","type-post","status-publish","format-standard","hentry","category-kiallitas","category-kozlemeny"],"_links":{"self":[{"href":"https:\/\/www.fintamuzeum.hu\/index.php?rest_route=\/wp\/v2\/posts\/3500","targetHints":{"allow":["GET"]}}],"collection":[{"href":"https:\/\/www.fintamuzeum.hu\/index.php?rest_route=\/wp\/v2\/posts"}],"about":[{"href":"https:\/\/www.fintamuzeum.hu\/index.php?rest_route=\/wp\/v2\/types\/post"}],"author":[{"embeddable":true,"href":"https:\/\/www.fintamuzeum.hu\/index.php?rest_route=\/wp\/v2\/users\/2"}],"replies":[{"embeddable":true,"href":"https:\/\/www.fintamuzeum.hu\/index.php?rest_route=%2Fwp%2Fv2%2Fcomments&post=3500"}],"version-history":[{"count":5,"href":"https:\/\/www.fintamuzeum.hu\/index.php?rest_route=\/wp\/v2\/posts\/3500\/revisions"}],"predecessor-version":[{"id":3505,"href":"https:\/\/www.fintamuzeum.hu\/index.php?rest_route=\/wp\/v2\/posts\/3500\/revisions\/3505"}],"wp:attachment":[{"href":"https:\/\/www.fintamuzeum.hu\/index.php?rest_route=%2Fwp%2Fv2%2Fmedia&parent=3500"}],"wp:term":[{"taxonomy":"category","embeddable":true,"href":"https:\/\/www.fintamuzeum.hu\/index.php?rest_route=%2Fwp%2Fv2%2Fcategories&post=3500"},{"taxonomy":"post_tag","embeddable":true,"href":"https:\/\/www.fintamuzeum.hu\/index.php?rest_route=%2Fwp%2Fv2%2Ftags&post=3500"}],"curies":[{"name":"wp","href":"https:\/\/api.w.org\/{rel}","templated":true}]}}