{"id":3482,"date":"2018-03-27T16:20:24","date_gmt":"2018-03-27T14:20:24","guid":{"rendered":"http:\/\/www.fintamuzeum.hu\/?p=3482"},"modified":"2018-05-07T15:27:35","modified_gmt":"2018-05-07T13:27:35","slug":"nyitva-tartas-3","status":"publish","type":"post","link":"https:\/\/www.fintamuzeum.hu\/?p=3482","title":{"rendered":"Nyitva tart\u00e1s"},"content":{"rendered":"<p>Kedves M\u00fazeuml\u00e1togat\u00f3!<\/p>\n<p>A Finta M\u00fazeum \u00e9s a Vad\u00e1sz P\u00e1l Ki\u00e1ll\u00edt\u00f3terem ki\u00e1ll\u00edt\u00e1sai 2018. m\u00e1rcius 30-\u00e1n z\u00e1rva lesznek.<br \/>\nA m\u00fazeum \u00e9s a ki\u00e1ll\u00edt\u00f3terem 2018. m\u00e1rcius 31-\u00e9n rendes nyitva tart\u00e1s szerint l\u00e1togathat\u00f3ak.<\/p>\n<p>Meg\u00e9rt\u00e9s\u00fcket k\u00f6sz\u00f6nj\u00fck!<\/p>\n","protected":false},"excerpt":{"rendered":"<p>Kedves M\u00fazeuml\u00e1togat\u00f3! A Finta M\u00fazeum \u00e9s a Vad\u00e1sz P\u00e1l Ki\u00e1ll\u00edt\u00f3terem ki\u00e1ll\u00edt\u00e1sai 2018. m\u00e1rcius 30-\u00e1n z\u00e1rva lesznek. A m\u00fazeum \u00e9s a ki\u00e1ll\u00edt\u00f3terem 2018. m\u00e1rcius 31-\u00e9n rendes nyitva tart\u00e1s szerint l\u00e1togathat\u00f3ak. Meg\u00e9rt\u00e9s\u00fcket k\u00f6sz\u00f6nj\u00fck!<\/p>\n","protected":false},"author":2,"featured_media":0,"comment_status":"closed","ping_status":"closed","sticky":false,"template":"","format":"standard","meta":{"footnotes":""},"categories":[5],"tags":[],"class_list":["post-3482","post","type-post","status-publish","format-standard","hentry","category-kozlemeny"],"_links":{"self":[{"href":"https:\/\/www.fintamuzeum.hu\/index.php?rest_route=\/wp\/v2\/posts\/3482","targetHints":{"allow":["GET"]}}],"collection":[{"href":"https:\/\/www.fintamuzeum.hu\/index.php?rest_route=\/wp\/v2\/posts"}],"about":[{"href":"https:\/\/www.fintamuzeum.hu\/index.php?rest_route=\/wp\/v2\/types\/post"}],"author":[{"embeddable":true,"href":"https:\/\/www.fintamuzeum.hu\/index.php?rest_route=\/wp\/v2\/users\/2"}],"replies":[{"embeddable":true,"href":"https:\/\/www.fintamuzeum.hu\/index.php?rest_route=%2Fwp%2Fv2%2Fcomments&post=3482"}],"version-history":[{"count":1,"href":"https:\/\/www.fintamuzeum.hu\/index.php?rest_route=\/wp\/v2\/posts\/3482\/revisions"}],"predecessor-version":[{"id":3483,"href":"https:\/\/www.fintamuzeum.hu\/index.php?rest_route=\/wp\/v2\/posts\/3482\/revisions\/3483"}],"wp:attachment":[{"href":"https:\/\/www.fintamuzeum.hu\/index.php?rest_route=%2Fwp%2Fv2%2Fmedia&parent=3482"}],"wp:term":[{"taxonomy":"category","embeddable":true,"href":"https:\/\/www.fintamuzeum.hu\/index.php?rest_route=%2Fwp%2Fv2%2Fcategories&post=3482"},{"taxonomy":"post_tag","embeddable":true,"href":"https:\/\/www.fintamuzeum.hu\/index.php?rest_route=%2Fwp%2Fv2%2Ftags&post=3482"}],"curies":[{"name":"wp","href":"https:\/\/api.w.org\/{rel}","templated":true}]}}