{"id":323,"date":"2009-01-23T12:03:15","date_gmt":"2009-01-23T11:03:15","guid":{"rendered":"http:\/\/fintamuseum.no-ip.org\/fintamuzeumwp\/?p=323"},"modified":"2013-01-27T15:23:03","modified_gmt":"2013-01-27T14:23:03","slug":"birkas-babett-halal-velenceben","status":"publish","type":"post","link":"https:\/\/www.fintamuzeum.hu\/?p=323","title":{"rendered":"Birk\u00e1s Babett &#8211; Hal\u00e1l Velenc\u00e9ben"},"content":{"rendered":"<p><code>\t\t\t\t<div class=\"gallery_box\">\n\t\t\t\t\t<ul>\n\t\t\t\t\t\t\t\t\t\t\t\t\t<li>\n\t\t\t\t\t\t\t\t<a rel=\"bookmark\" href=\"https:\/\/www.fintamuzeum.hu\/?gallery=birkas-babett-halal-velenceben\" title=\"Birk\u00e1s Babett &#8211; Hal\u00e1l Velenc\u00e9ben\">\n\t\t\t\t\t\t\t\t\t<img decoding=\"async\" width=&quot;300&quot; height=&quot;300&quot; style=\"width:300px; height:300px; border-width: 10px; border-color:#F1F1F1;border: 10px solid #F1F1F1\" alt=\"Birk\u00e1s Babett &#8211; Hal\u00e1l Velenc\u00e9ben\" title=\"Birk\u00e1s Babett &#8211; Hal\u00e1l Velenc\u00e9ben\" src=\"https:\/\/www.fintamuzeum.hu\/wp-content\/uploads\/2013\/01\/nemethistvan_kapasjanoszsoltlf-225x300.jpg\" \/>\t\t\t\t\t\t\t\t<\/a>\n\t\t\t\t\t\t\t\t<div class=\"gallery_detail_box\">\n\t\t\t\t\t\t\t\t\t<div class=\"gllr_detail_title\">Birk\u00e1s Babett &#8211; Hal\u00e1l Velenc\u00e9ben<\/div>\n\t\t\t\t\t\t\t\t\t<div class=\"gllr_detail_excerpt\">\u00a0<\/div>\n\t\t\t\t\t\t\t\t\t<a href=\"https:\/\/www.fintamuzeum.hu\/?gallery=birkas-babett-halal-velenceben\">Fot\u00f3 megtekint\u00e9se \u00bb<\/a>\n\t\t\t\t\t\t\t\t<\/div><!-- .gallery_detail_box -->\n\t\t\t\t\t\t\t\t<div class=\"gllr_clear\"><\/div>\n\t\t\t\t\t\t\t<\/li>\n\t\t\t\t\t\t\t\t\t\t\t<\/ul>\n\t\t\t\t<\/div><!-- .gallery_box -->\n\t\t\t\t<\/code><\/p>\n","protected":false},"excerpt":{"rendered":"","protected":false},"author":1,"featured_media":0,"comment_status":"closed","ping_status":"closed","sticky":false,"template":"","format":"standard","meta":{"footnotes":""},"categories":[9],"tags":[],"class_list":["post-323","post","type-post","status-publish","format-standard","hentry","category-fotogaleria"],"_links":{"self":[{"href":"https:\/\/www.fintamuzeum.hu\/index.php?rest_route=\/wp\/v2\/posts\/323","targetHints":{"allow":["GET"]}}],"collection":[{"href":"https:\/\/www.fintamuzeum.hu\/index.php?rest_route=\/wp\/v2\/posts"}],"about":[{"href":"https:\/\/www.fintamuzeum.hu\/index.php?rest_route=\/wp\/v2\/types\/post"}],"author":[{"embeddable":true,"href":"https:\/\/www.fintamuzeum.hu\/index.php?rest_route=\/wp\/v2\/users\/1"}],"replies":[{"embeddable":true,"href":"https:\/\/www.fintamuzeum.hu\/index.php?rest_route=%2Fwp%2Fv2%2Fcomments&post=323"}],"version-history":[{"count":3,"href":"https:\/\/www.fintamuzeum.hu\/index.php?rest_route=\/wp\/v2\/posts\/323\/revisions"}],"predecessor-version":[{"id":327,"href":"https:\/\/www.fintamuzeum.hu\/index.php?rest_route=\/wp\/v2\/posts\/323\/revisions\/327"}],"wp:attachment":[{"href":"https:\/\/www.fintamuzeum.hu\/index.php?rest_route=%2Fwp%2Fv2%2Fmedia&parent=323"}],"wp:term":[{"taxonomy":"category","embeddable":true,"href":"https:\/\/www.fintamuzeum.hu\/index.php?rest_route=%2Fwp%2Fv2%2Fcategories&post=323"},{"taxonomy":"post_tag","embeddable":true,"href":"https:\/\/www.fintamuzeum.hu\/index.php?rest_route=%2Fwp%2Fv2%2Ftags&post=323"}],"curies":[{"name":"wp","href":"https:\/\/api.w.org\/{rel}","templated":true}]}}