{"id":2994,"date":"2016-12-14T09:34:40","date_gmt":"2016-12-14T08:34:40","guid":{"rendered":"http:\/\/www.fintamuzeum.hu\/?p=2994"},"modified":"2016-12-15T12:57:46","modified_gmt":"2016-12-15T11:57:46","slug":"ev-vegi-nyitva-tartas-2","status":"publish","type":"post","link":"https:\/\/www.fintamuzeum.hu\/?p=2994","title":{"rendered":"\u00c9v v\u00e9gi nyitva tart\u00e1s"},"content":{"rendered":"<p>Tisztelt l\u00e1togat\u00f3ink!<br \/>\n2016. december 17\u20132017. janu\u00e1r 09.<br \/>\nk\u00f6z\u00f6tt ki\u00e1ll\u00edt\u00e1saink csak el\u0151zetes telefonos bejelentkez\u00e9st k\u00f6vet\u0151en (kiv\u00e9ve: december 25-26, janu\u00e1r 1.) \u2013 melyet legk\u00e9s\u0151bb a l\u00e1togat\u00e1s el\u0151tt 24 \u00f3r\u00e1val k\u00e9r\u00fcnk jelezni \u2013 l\u00e1togathat\u00f3ak rendes nyitvatart\u00e1si id\u0151ben.<br \/>\nMeg\u00e9rt\u00e9s\u00fcket k\u00f6sz\u00f6nj\u00fck!<br \/>\nA k\u00f6vetkez\u0151 telefonsz\u00e1mon lehet bejelentkezni:<br \/>\nKap\u00e1s J\u00e1nos Zsolt \u2013 0620-445-0429<br \/>\n[popup show=&#8221;IMG1&#8243;]<\/p>\n<p><a href=\"https:\/\/www.fintamuzeum.hu\/wp-content\/uploads\/2016\/12\/FMkaracsony_udvozlo_b.jpg\"><img loading=\"lazy\" decoding=\"async\" class=\"alignnone wp-image-2997\" src=\"https:\/\/www.fintamuzeum.hu\/wp-content\/uploads\/2016\/12\/FMkaracsony_udvozlo_b-300x193.jpg\" alt=\"fmkaracsony_udvozlo_b\" width=\"308\" height=\"198\" srcset=\"https:\/\/www.fintamuzeum.hu\/wp-content\/uploads\/2016\/12\/FMkaracsony_udvozlo_b-300x193.jpg 300w, https:\/\/www.fintamuzeum.hu\/wp-content\/uploads\/2016\/12\/FMkaracsony_udvozlo_b-768x493.jpg 768w, https:\/\/www.fintamuzeum.hu\/wp-content\/uploads\/2016\/12\/FMkaracsony_udvozlo_b.jpg 1000w\" sizes=\"auto, (max-width: 308px) 100vw, 308px\" \/><\/a> <a href=\"https:\/\/www.fintamuzeum.hu\/wp-content\/uploads\/2016\/12\/FMkaracsony_udvozlo_a.jpg\"><img loading=\"lazy\" decoding=\"async\" class=\"alignnone size-medium wp-image-2996\" src=\"https:\/\/www.fintamuzeum.hu\/wp-content\/uploads\/2016\/12\/FMkaracsony_udvozlo_a-300x199.jpg\" alt=\"fmkaracsony_udvozlo_a\" width=\"300\" height=\"199\" srcset=\"https:\/\/www.fintamuzeum.hu\/wp-content\/uploads\/2016\/12\/FMkaracsony_udvozlo_a-300x199.jpg 300w, https:\/\/www.fintamuzeum.hu\/wp-content\/uploads\/2016\/12\/FMkaracsony_udvozlo_a-768x509.jpg 768w, https:\/\/www.fintamuzeum.hu\/wp-content\/uploads\/2016\/12\/FMkaracsony_udvozlo_a-120x80.jpg 120w, https:\/\/www.fintamuzeum.hu\/wp-content\/uploads\/2016\/12\/FMkaracsony_udvozlo_a.jpg 1000w\" sizes=\"auto, (max-width: 300px) 100vw, 300px\" \/><\/a><\/p>\n<p>&nbsp;<\/p>\n","protected":false},"excerpt":{"rendered":"<p>Tisztelt l\u00e1togat\u00f3ink! 2016. december 17\u20132017. janu\u00e1r 09. k\u00f6z\u00f6tt ki\u00e1ll\u00edt\u00e1saink csak el\u0151zetes telefonos bejelentkez\u00e9st k\u00f6vet\u0151en (kiv\u00e9ve: december 25-26, janu\u00e1r 1.) \u2013 melyet legk\u00e9s\u0151bb a l\u00e1togat\u00e1s el\u0151tt 24 \u00f3r\u00e1val k\u00e9r\u00fcnk jelezni \u2013 l\u00e1togathat\u00f3ak rendes nyitvatart\u00e1si id\u0151ben. Meg\u00e9rt\u00e9s\u00fcket k\u00f6sz\u00f6nj\u00fck! A k\u00f6vetkez\u0151 telefonsz\u00e1mon lehet &hellip; <a href=\"https:\/\/www.fintamuzeum.hu\/?p=2994\">Egy kattint\u00e1s ide a folytat\u00e1shoz&#8230;. <span class=\"meta-nav\">&rarr;<\/span><\/a><\/p>\n","protected":false},"author":2,"featured_media":0,"comment_status":"closed","ping_status":"closed","sticky":false,"template":"","format":"standard","meta":{"footnotes":""},"categories":[5],"tags":[],"class_list":["post-2994","post","type-post","status-publish","format-standard","hentry","category-kozlemeny"],"_links":{"self":[{"href":"https:\/\/www.fintamuzeum.hu\/index.php?rest_route=\/wp\/v2\/posts\/2994","targetHints":{"allow":["GET"]}}],"collection":[{"href":"https:\/\/www.fintamuzeum.hu\/index.php?rest_route=\/wp\/v2\/posts"}],"about":[{"href":"https:\/\/www.fintamuzeum.hu\/index.php?rest_route=\/wp\/v2\/types\/post"}],"author":[{"embeddable":true,"href":"https:\/\/www.fintamuzeum.hu\/index.php?rest_route=\/wp\/v2\/users\/2"}],"replies":[{"embeddable":true,"href":"https:\/\/www.fintamuzeum.hu\/index.php?rest_route=%2Fwp%2Fv2%2Fcomments&post=2994"}],"version-history":[{"count":10,"href":"https:\/\/www.fintamuzeum.hu\/index.php?rest_route=\/wp\/v2\/posts\/2994\/revisions"}],"predecessor-version":[{"id":3006,"href":"https:\/\/www.fintamuzeum.hu\/index.php?rest_route=\/wp\/v2\/posts\/2994\/revisions\/3006"}],"wp:attachment":[{"href":"https:\/\/www.fintamuzeum.hu\/index.php?rest_route=%2Fwp%2Fv2%2Fmedia&parent=2994"}],"wp:term":[{"taxonomy":"category","embeddable":true,"href":"https:\/\/www.fintamuzeum.hu\/index.php?rest_route=%2Fwp%2Fv2%2Fcategories&post=2994"},{"taxonomy":"post_tag","embeddable":true,"href":"https:\/\/www.fintamuzeum.hu\/index.php?rest_route=%2Fwp%2Fv2%2Ftags&post=2994"}],"curies":[{"name":"wp","href":"https:\/\/api.w.org\/{rel}","templated":true}]}}