{"id":2915,"date":"2016-09-06T13:54:03","date_gmt":"2016-09-06T11:54:03","guid":{"rendered":"http:\/\/www.fintamuzeum.hu\/?p=2915"},"modified":"2016-09-06T13:58:47","modified_gmt":"2016-09-06T11:58:47","slug":"folytatodik-a-mozaik-muzeumtura","status":"publish","type":"post","link":"https:\/\/www.fintamuzeum.hu\/?p=2915","title":{"rendered":"Folytat\u00f3dik a Mozaik M\u00fazeumt\u00fara"},"content":{"rendered":"<p><a href=\"https:\/\/www.fintamuzeum.hu\/wp-content\/uploads\/2016\/09\/DrKemecsiLajos.jpg\"><img loading=\"lazy\" decoding=\"async\" class=\" wp-image-2922 alignleft\" src=\"https:\/\/www.fintamuzeum.hu\/wp-content\/uploads\/2016\/09\/DrKemecsiLajos-300x200.jpg\" alt=\"DrKemecsiLajos\" width=\"227\" height=\"151\" srcset=\"https:\/\/www.fintamuzeum.hu\/wp-content\/uploads\/2016\/09\/DrKemecsiLajos-300x200.jpg 300w, https:\/\/www.fintamuzeum.hu\/wp-content\/uploads\/2016\/09\/DrKemecsiLajos-1024x683.jpg 1024w, https:\/\/www.fintamuzeum.hu\/wp-content\/uploads\/2016\/09\/DrKemecsiLajos-120x80.jpg 120w, https:\/\/www.fintamuzeum.hu\/wp-content\/uploads\/2016\/09\/DrKemecsiLajos.jpg 1200w\" sizes=\"auto, (max-width: 227px) 100vw, 227px\" \/><\/a>\u0150sszel folytat\u00f3dik a Mozaik M\u00fazeumt\u00fara program, amelyhez id\u00e9n 100 \u00faj int\u00e9zm\u00e9ny csatlakozott, \u00e9s \u00edgy m\u00e1r k\u00f6zel 400 m\u00fazeum \u00e9s ki\u00e1ll\u00edt\u00f3hely vesz r\u00e9szt benne \u2013 jelentett\u00e9k be szeptember 5-\u00e9n a projekt megval\u00f3s\u00edt\u00e1s\u00e1t v\u00e1llal\u00f3 N\u00e9prajzi M\u00fazeumban. <a href=\"https:\/\/www.fintamuzeum.hu\/?page_id=2917\">B\u0151vebben&#8230;<\/a><\/p>\n","protected":false},"excerpt":{"rendered":"<p>\u0150sszel folytat\u00f3dik a Mozaik M\u00fazeumt\u00fara program, amelyhez id\u00e9n 100 \u00faj int\u00e9zm\u00e9ny csatlakozott, \u00e9s \u00edgy m\u00e1r k\u00f6zel 400 m\u00fazeum \u00e9s ki\u00e1ll\u00edt\u00f3hely vesz r\u00e9szt benne \u2013 jelentett\u00e9k be szeptember 5-\u00e9n a projekt megval\u00f3s\u00edt\u00e1s\u00e1t v\u00e1llal\u00f3 N\u00e9prajzi M\u00fazeumban. B\u0151vebben&#8230;<\/p>\n","protected":false},"author":2,"featured_media":0,"comment_status":"closed","ping_status":"closed","sticky":false,"template":"","format":"standard","meta":{"footnotes":""},"categories":[5],"tags":[],"class_list":["post-2915","post","type-post","status-publish","format-standard","hentry","category-kozlemeny"],"_links":{"self":[{"href":"https:\/\/www.fintamuzeum.hu\/index.php?rest_route=\/wp\/v2\/posts\/2915","targetHints":{"allow":["GET"]}}],"collection":[{"href":"https:\/\/www.fintamuzeum.hu\/index.php?rest_route=\/wp\/v2\/posts"}],"about":[{"href":"https:\/\/www.fintamuzeum.hu\/index.php?rest_route=\/wp\/v2\/types\/post"}],"author":[{"embeddable":true,"href":"https:\/\/www.fintamuzeum.hu\/index.php?rest_route=\/wp\/v2\/users\/2"}],"replies":[{"embeddable":true,"href":"https:\/\/www.fintamuzeum.hu\/index.php?rest_route=%2Fwp%2Fv2%2Fcomments&post=2915"}],"version-history":[{"count":4,"href":"https:\/\/www.fintamuzeum.hu\/index.php?rest_route=\/wp\/v2\/posts\/2915\/revisions"}],"predecessor-version":[{"id":2928,"href":"https:\/\/www.fintamuzeum.hu\/index.php?rest_route=\/wp\/v2\/posts\/2915\/revisions\/2928"}],"wp:attachment":[{"href":"https:\/\/www.fintamuzeum.hu\/index.php?rest_route=%2Fwp%2Fv2%2Fmedia&parent=2915"}],"wp:term":[{"taxonomy":"category","embeddable":true,"href":"https:\/\/www.fintamuzeum.hu\/index.php?rest_route=%2Fwp%2Fv2%2Fcategories&post=2915"},{"taxonomy":"post_tag","embeddable":true,"href":"https:\/\/www.fintamuzeum.hu\/index.php?rest_route=%2Fwp%2Fv2%2Ftags&post=2915"}],"curies":[{"name":"wp","href":"https:\/\/api.w.org\/{rel}","templated":true}]}}