{"id":2767,"date":"2016-05-13T09:35:36","date_gmt":"2016-05-13T07:35:36","guid":{"rendered":"http:\/\/www.fintamuzeum.hu\/?p=2767"},"modified":"2016-05-13T14:10:53","modified_gmt":"2016-05-13T12:10:53","slug":"xviii-kevi-juhaszfesztival","status":"publish","type":"post","link":"https:\/\/www.fintamuzeum.hu\/?p=2767","title":{"rendered":"XVIII. Kevi Juh\u00e1szfesztiv\u00e1l"},"content":{"rendered":"<p>A <a href=\"http:\/\/www.kevijuhaszfesztival.com\/\">XVIII. Kevi Juh\u00e1szfesztiv\u00e1l<\/a> alkalm\u00e1b\u00f3l rendk\u00edv\u00fcli nyitva tart\u00e1ssal v\u00e1rjuk Kedves l\u00e1togat\u00f3inkat, a Finta M\u00fazeumban, \u00e9s a Vad\u00e1sz P\u00e1l Ki\u00e1ll\u00edt\u00f3teremben szombaton \u00e9s vas\u00e1rnap 9.00-t\u00f3l 17.00-ig.<\/p>\n<p><em>Id\u0151szaki ki\u00e1ll\u00edt\u00e1saink szombaton, a Vad\u00e1sz P\u00e1l Ki\u00e1ll\u00edt\u00f3teremben <strong>13.00-ig ingyenesen<\/strong> tekinthet\u0151k meg!<\/em><\/p>\n<p>Id\u0151szaki ki\u00e1ll\u00edt\u00e1sok a Vad\u00e1sz P\u00e1l Ki\u00e1ll\u00edt\u00f3teremben:<\/p>\n<p><a href=\"https:\/\/www.fintamuzeum.hu\/?page_id=2076\">Keviek a vil\u00e1g\u00e9g\u00e9sben<\/a><br \/>\n<a href=\"https:\/\/www.fintamuzeum.hu\/?page_id=2284\">A restaur\u00e1tor<\/a><br \/>\n<a href=\"https:\/\/www.fintamuzeum.hu\/?page_id=2735\">F\u00f6ld\u00fcnk kincsei<\/a><\/p>\n<p>\u00c1lland\u00f3 ki\u00e1ll\u00edt\u00e1sok a Finta M\u00fazeumban:<\/p>\n<p><a href=\"https:\/\/www.fintamuzeum.hu\/?page_id=31\">T\u00farkeve f\u00f6ldje \u00e9s n\u00e9pe<\/a><br \/>\n<a href=\"https:\/\/www.fintamuzeum.hu\/?page_id=31\">T\u00farkevei \u00e9vsz\u00e1zadok<\/a><br \/>\n<a href=\"https:\/\/www.fintamuzeum.hu\/?page_id=31\">H\u00edr\u00fcnk a vil\u00e1gban<\/a><\/p>\n","protected":false},"excerpt":{"rendered":"<p>A XVIII. Kevi Juh\u00e1szfesztiv\u00e1l alkalm\u00e1b\u00f3l rendk\u00edv\u00fcli nyitva tart\u00e1ssal v\u00e1rjuk Kedves l\u00e1togat\u00f3inkat, a Finta M\u00fazeumban, \u00e9s a Vad\u00e1sz P\u00e1l Ki\u00e1ll\u00edt\u00f3teremben szombaton \u00e9s vas\u00e1rnap 9.00-t\u00f3l 17.00-ig. Id\u0151szaki ki\u00e1ll\u00edt\u00e1saink szombaton, a Vad\u00e1sz P\u00e1l Ki\u00e1ll\u00edt\u00f3teremben 13.00-ig ingyenesen tekinthet\u0151k meg! Id\u0151szaki ki\u00e1ll\u00edt\u00e1sok a Vad\u00e1sz P\u00e1l &hellip; <a href=\"https:\/\/www.fintamuzeum.hu\/?p=2767\">Egy kattint\u00e1s ide a folytat\u00e1shoz&#8230;. <span class=\"meta-nav\">&rarr;<\/span><\/a><\/p>\n","protected":false},"author":2,"featured_media":0,"comment_status":"closed","ping_status":"closed","sticky":false,"template":"","format":"standard","meta":{"footnotes":""},"categories":[1],"tags":[],"class_list":["post-2767","post","type-post","status-publish","format-standard","hentry","category-egyeb"],"_links":{"self":[{"href":"https:\/\/www.fintamuzeum.hu\/index.php?rest_route=\/wp\/v2\/posts\/2767","targetHints":{"allow":["GET"]}}],"collection":[{"href":"https:\/\/www.fintamuzeum.hu\/index.php?rest_route=\/wp\/v2\/posts"}],"about":[{"href":"https:\/\/www.fintamuzeum.hu\/index.php?rest_route=\/wp\/v2\/types\/post"}],"author":[{"embeddable":true,"href":"https:\/\/www.fintamuzeum.hu\/index.php?rest_route=\/wp\/v2\/users\/2"}],"replies":[{"embeddable":true,"href":"https:\/\/www.fintamuzeum.hu\/index.php?rest_route=%2Fwp%2Fv2%2Fcomments&post=2767"}],"version-history":[{"count":5,"href":"https:\/\/www.fintamuzeum.hu\/index.php?rest_route=\/wp\/v2\/posts\/2767\/revisions"}],"predecessor-version":[{"id":2791,"href":"https:\/\/www.fintamuzeum.hu\/index.php?rest_route=\/wp\/v2\/posts\/2767\/revisions\/2791"}],"wp:attachment":[{"href":"https:\/\/www.fintamuzeum.hu\/index.php?rest_route=%2Fwp%2Fv2%2Fmedia&parent=2767"}],"wp:term":[{"taxonomy":"category","embeddable":true,"href":"https:\/\/www.fintamuzeum.hu\/index.php?rest_route=%2Fwp%2Fv2%2Fcategories&post=2767"},{"taxonomy":"post_tag","embeddable":true,"href":"https:\/\/www.fintamuzeum.hu\/index.php?rest_route=%2Fwp%2Fv2%2Ftags&post=2767"}],"curies":[{"name":"wp","href":"https:\/\/api.w.org\/{rel}","templated":true}]}}