{"id":2015,"date":"2015-06-18T11:59:55","date_gmt":"2015-06-18T09:59:55","guid":{"rendered":"http:\/\/www.fintamuzeum.hu\/?p=2015"},"modified":"2016-05-13T08:14:52","modified_gmt":"2016-05-13T06:14:52","slug":"muzeumok-ejszakaja-rendkivuli-nyitva-tartas","status":"publish","type":"post","link":"https:\/\/www.fintamuzeum.hu\/?p=2015","title":{"rendered":"M\u00fazeumok \u00c9jszak\u00e1ja &#8211; rendk\u00edv\u00fcli nyitva tart\u00e1s"},"content":{"rendered":"<p>Kedves M\u00fazeuml\u00e1togat\u00f3!<\/p>\n<p>2015. j\u00fanius 20-\u00e9n \u00a0nyitva tart\u00e1sunk az al\u00e1bbiak szerint m\u00f3dosul:<\/p>\n<p>18.00-02.00 a Vad\u00e1sz P\u00e1l Ki\u00e1ll\u00edt\u00f3terem \u00e9s a Finta M\u00fazeum is nyitva lesz a\u00a0<a title=\"M\u00fazeumok \u00c9jszak\u00e1j\u00e1n\" href=\"https:\/\/www.fintamuzeum.hu\/?page_id=2007\">M\u00fazeumok \u00c9jszak\u00e1j\u00e1n<\/a><\/p>\n<p>Ett\u0151l az id\u0151pontt\u00f3l elt\u00e9r\u0151 l\u00e1togat\u00e1si sz\u00e1nd\u00e9kukat k\u00e9rem jelezz\u00e9k 06-20-445-0429 telefonsz\u00e1mon.<\/p>\n","protected":false},"excerpt":{"rendered":"<p>Kedves M\u00fazeuml\u00e1togat\u00f3! 2015. j\u00fanius 20-\u00e9n \u00a0nyitva tart\u00e1sunk az al\u00e1bbiak szerint m\u00f3dosul: 18.00-02.00 a Vad\u00e1sz P\u00e1l Ki\u00e1ll\u00edt\u00f3terem \u00e9s a Finta M\u00fazeum is nyitva lesz a\u00a0M\u00fazeumok \u00c9jszak\u00e1j\u00e1n Ett\u0151l az id\u0151pontt\u00f3l elt\u00e9r\u0151 l\u00e1togat\u00e1si sz\u00e1nd\u00e9kukat k\u00e9rem jelezz\u00e9k 06-20-445-0429 telefonsz\u00e1mon.<\/p>\n","protected":false},"author":2,"featured_media":0,"comment_status":"closed","ping_status":"closed","sticky":false,"template":"","format":"standard","meta":{"footnotes":""},"categories":[5],"tags":[],"class_list":["post-2015","post","type-post","status-publish","format-standard","hentry","category-kozlemeny"],"_links":{"self":[{"href":"https:\/\/www.fintamuzeum.hu\/index.php?rest_route=\/wp\/v2\/posts\/2015","targetHints":{"allow":["GET"]}}],"collection":[{"href":"https:\/\/www.fintamuzeum.hu\/index.php?rest_route=\/wp\/v2\/posts"}],"about":[{"href":"https:\/\/www.fintamuzeum.hu\/index.php?rest_route=\/wp\/v2\/types\/post"}],"author":[{"embeddable":true,"href":"https:\/\/www.fintamuzeum.hu\/index.php?rest_route=\/wp\/v2\/users\/2"}],"replies":[{"embeddable":true,"href":"https:\/\/www.fintamuzeum.hu\/index.php?rest_route=%2Fwp%2Fv2%2Fcomments&post=2015"}],"version-history":[{"count":4,"href":"https:\/\/www.fintamuzeum.hu\/index.php?rest_route=\/wp\/v2\/posts\/2015\/revisions"}],"predecessor-version":[{"id":2747,"href":"https:\/\/www.fintamuzeum.hu\/index.php?rest_route=\/wp\/v2\/posts\/2015\/revisions\/2747"}],"wp:attachment":[{"href":"https:\/\/www.fintamuzeum.hu\/index.php?rest_route=%2Fwp%2Fv2%2Fmedia&parent=2015"}],"wp:term":[{"taxonomy":"category","embeddable":true,"href":"https:\/\/www.fintamuzeum.hu\/index.php?rest_route=%2Fwp%2Fv2%2Fcategories&post=2015"},{"taxonomy":"post_tag","embeddable":true,"href":"https:\/\/www.fintamuzeum.hu\/index.php?rest_route=%2Fwp%2Fv2%2Ftags&post=2015"}],"curies":[{"name":"wp","href":"https:\/\/api.w.org\/{rel}","templated":true}]}}