{"id":1931,"date":"2015-05-08T08:28:15","date_gmt":"2015-05-08T06:28:15","guid":{"rendered":"http:\/\/www.fintamuzeum.hu\/?p=1931"},"modified":"2015-05-21T15:07:27","modified_gmt":"2015-05-21T13:07:27","slug":"meghivo","status":"publish","type":"post","link":"https:\/\/www.fintamuzeum.hu\/?p=1931","title":{"rendered":"Cser\u00e9pvar\u00e1zs &#8211; Megh\u00edv\u00f3"},"content":{"rendered":"<p><img loading=\"lazy\" decoding=\"async\" class=\"wp-image-1932 alignright\" alt=\"meghivo-oldal001\" src=\"https:\/\/www.fintamuzeum.hu\/wp-content\/uploads\/2015\/05\/meghivo-oldal001-341x1024.jpg\" width=\"205\" height=\"614\" srcset=\"https:\/\/www.fintamuzeum.hu\/wp-content\/uploads\/2015\/05\/meghivo-oldal001-100x300.jpg 100w, https:\/\/www.fintamuzeum.hu\/wp-content\/uploads\/2015\/05\/meghivo-oldal001.jpg 400w\" sizes=\"auto, (max-width: 205px) 100vw, 205px\" \/>\u00a0A Finta M\u00fazeum t\u00f6bb mint hat \u00e9vtizedes m\u0171k\u00f6d\u00e9se sor\u00e1n jelent\u0151s mennyis\u00e9g\u0171 ker\u00e1mia m\u0171t\u00e1rgyat gy\u0171jt\u00f6tt \u00f6ssze. A rakt\u00e1rakban egyar\u00e1nt megtal\u00e1lhat\u00f3ak a k\u00f6rnyez\u0151 telep\u00fcl\u00e9sek \u00e9s a t\u00f6rt\u00e9nelmi Magyarorsz\u00e1g k\u00fcl\u00f6nleges fazekasmunk\u00e1i. Ezek jelent\u0151s r\u00e9sze \u00e9vtizedeken kereszt\u00fcl a s\u00f6t\u00e9tben a polcokon v\u00e1rta, hogy megmutathassa sz\u00e9ps\u00e9g\u00e9t a m\u00fazeum l\u00e1togat\u00f3inak. Az \u0151 pillanatuk most j\u00f6tt el. A <a href=\"http:\/\/www.kevijuhaszfesztival.com\/\">XVII. Kevi Juh\u00e1szfesztiv\u00e1l<\/a> alkalm\u00e1b\u00f3l ny\u00edl\u00f3 Cser\u00e9p-Var\u00e1zs c\u00edm\u0171 ki\u00e1ll\u00edt\u00e1son a m\u00fazeum ker\u00e1miagy\u0171jtem\u00e9ny\u00e9nek legszebb \u00e9s legk\u00fcl\u00f6nlegesebb mutatkoznak be a l\u00e1togat\u00f3 k\u00f6z\u00f6ns\u00e9gnek.<\/p>\n<p><a href=\"https:\/\/www.fintamuzeum.hu\/wp-content\/uploads\/2015\/05\/juhfeszt2.jpg\"><img loading=\"lazy\" decoding=\"async\" class=\"alignnone size-thumbnail wp-image-1954\" alt=\"juhfeszt2\" src=\"https:\/\/www.fintamuzeum.hu\/wp-content\/uploads\/2015\/05\/juhfeszt2-150x150.jpg\" width=\"150\" height=\"150\" \/><\/a>\u00a0<a href=\"https:\/\/www.fintamuzeum.hu\/wp-content\/uploads\/2015\/05\/juhfeszt1.jpg\"><img loading=\"lazy\" decoding=\"async\" class=\"alignnone size-thumbnail wp-image-1953\" alt=\"juhfeszt1\" src=\"https:\/\/www.fintamuzeum.hu\/wp-content\/uploads\/2015\/05\/juhfeszt1-150x150.jpg\" width=\"150\" height=\"150\" \/><\/a><\/p>\n","protected":false},"excerpt":{"rendered":"<p>\u00a0A Finta M\u00fazeum t\u00f6bb mint hat \u00e9vtizedes m\u0171k\u00f6d\u00e9se sor\u00e1n jelent\u0151s mennyis\u00e9g\u0171 ker\u00e1mia m\u0171t\u00e1rgyat gy\u0171jt\u00f6tt \u00f6ssze. A rakt\u00e1rakban egyar\u00e1nt megtal\u00e1lhat\u00f3ak a k\u00f6rnyez\u0151 telep\u00fcl\u00e9sek \u00e9s a t\u00f6rt\u00e9nelmi Magyarorsz\u00e1g k\u00fcl\u00f6nleges fazekasmunk\u00e1i. Ezek jelent\u0151s r\u00e9sze \u00e9vtizedeken kereszt\u00fcl a s\u00f6t\u00e9tben a polcokon v\u00e1rta, hogy megmutathassa &hellip; <a href=\"https:\/\/www.fintamuzeum.hu\/?p=1931\">Egy kattint\u00e1s ide a folytat\u00e1shoz&#8230;. <span class=\"meta-nav\">&rarr;<\/span><\/a><\/p>\n","protected":false},"author":2,"featured_media":0,"comment_status":"closed","ping_status":"closed","sticky":false,"template":"","format":"standard","meta":{"footnotes":""},"categories":[6],"tags":[],"class_list":["post-1931","post","type-post","status-publish","format-standard","hentry","category-kiallitas"],"_links":{"self":[{"href":"https:\/\/www.fintamuzeum.hu\/index.php?rest_route=\/wp\/v2\/posts\/1931","targetHints":{"allow":["GET"]}}],"collection":[{"href":"https:\/\/www.fintamuzeum.hu\/index.php?rest_route=\/wp\/v2\/posts"}],"about":[{"href":"https:\/\/www.fintamuzeum.hu\/index.php?rest_route=\/wp\/v2\/types\/post"}],"author":[{"embeddable":true,"href":"https:\/\/www.fintamuzeum.hu\/index.php?rest_route=\/wp\/v2\/users\/2"}],"replies":[{"embeddable":true,"href":"https:\/\/www.fintamuzeum.hu\/index.php?rest_route=%2Fwp%2Fv2%2Fcomments&post=1931"}],"version-history":[{"count":15,"href":"https:\/\/www.fintamuzeum.hu\/index.php?rest_route=\/wp\/v2\/posts\/1931\/revisions"}],"predecessor-version":[{"id":1986,"href":"https:\/\/www.fintamuzeum.hu\/index.php?rest_route=\/wp\/v2\/posts\/1931\/revisions\/1986"}],"wp:attachment":[{"href":"https:\/\/www.fintamuzeum.hu\/index.php?rest_route=%2Fwp%2Fv2%2Fmedia&parent=1931"}],"wp:term":[{"taxonomy":"category","embeddable":true,"href":"https:\/\/www.fintamuzeum.hu\/index.php?rest_route=%2Fwp%2Fv2%2Fcategories&post=1931"},{"taxonomy":"post_tag","embeddable":true,"href":"https:\/\/www.fintamuzeum.hu\/index.php?rest_route=%2Fwp%2Fv2%2Ftags&post=1931"}],"curies":[{"name":"wp","href":"https:\/\/api.w.org\/{rel}","templated":true}]}}