{"id":1717,"date":"2014-09-19T13:17:43","date_gmt":"2014-09-19T11:17:43","guid":{"rendered":"http:\/\/www.fintamuzeum.hu\/?p=1717"},"modified":"2014-09-19T13:28:36","modified_gmt":"2014-09-19T11:28:36","slug":"1717","status":"publish","type":"post","link":"https:\/\/www.fintamuzeum.hu\/?p=1717","title":{"rendered":"Kultur\u00e1lis \u00d6r\u00f6ks\u00e9g Napja"},"content":{"rendered":"<p>Kedves L\u00e1togat\u00f3ink!<br \/>\nSzeptember 20-21.-\u00e9n a Kultur\u00e1lis \u00d6r\u00f6ks\u00e9g Napjain, szombaton \u00e9s vas\u00e1rnap 9.00-12.00 \u00e9s 14.00-17.00 k\u00f6z\u00f6tt, valamennyi id\u0151szaki (<a href=\"https:\/\/www.fintamuzeum.hu\/?page_id=15\">Vad\u00e1sz P\u00e1l Ki\u00e1ll\u00edt\u00f3terem<\/a>) \u00e9s <a href=\"https:\/\/www.fintamuzeum.hu\/?page_id=31\">\u00e1lland\u00f3 ki\u00e1ll\u00edt\u00e1saink<\/a> (<a href=\"https:\/\/www.fintamuzeum.hu\/?page_id=15\">Finta M\u00fazeum<\/a>) ingyenes nyitva tart\u00e1ssal v\u00e1rja \u00f6n\u00f6ket!<\/p>\n<p>A &#8222;Kevi Puszta Vil\u00e1ga&#8221; c\u00edm\u0171 t\u00e1rlatunk m\u00e1r csak a h\u00f3nap v\u00e9g\u00e9ig l\u00e1togathat\u00f3!<\/p>\n<p>Szeretettel v\u00e1rjuk Kedves Vend\u00e9geinket!<\/p>\n<p><a href=\"https:\/\/www.fintamuzeum.hu\/wp-content\/uploads\/2014\/09\/keviekanagyhaboruplakat.png\"><img loading=\"lazy\" decoding=\"async\" class=\"alignnone size-medium wp-image-1701\" alt=\"keviekanagyhaboruplakat.png\" src=\"https:\/\/www.fintamuzeum.hu\/wp-content\/uploads\/2014\/09\/keviekanagyhaboruplakat-212x300.png\" width=\"212\" height=\"300\" srcset=\"https:\/\/www.fintamuzeum.hu\/wp-content\/uploads\/2014\/09\/keviekanagyhaboruplakat-212x300.png 212w, https:\/\/www.fintamuzeum.hu\/wp-content\/uploads\/2014\/09\/keviekanagyhaboruplakat.png 543w\" sizes=\"auto, (max-width: 212px) 100vw, 212px\" \/><\/a><a href=\"https:\/\/www.fintamuzeum.hu\/wp-content\/uploads\/2014\/05\/kevipusztamegallito.jpg\"><img loading=\"lazy\" decoding=\"async\" class=\"alignnone size-medium wp-image-1616\" alt=\"Kevi puszta vil\u00e1ga plak\u00e1t\" src=\"https:\/\/www.fintamuzeum.hu\/wp-content\/uploads\/2014\/05\/kevipusztamegallito-196x300.jpg\" width=\"196\" height=\"300\" srcset=\"https:\/\/www.fintamuzeum.hu\/wp-content\/uploads\/2014\/05\/kevipusztamegallito-196x300.jpg 196w, https:\/\/www.fintamuzeum.hu\/wp-content\/uploads\/2014\/05\/kevipusztamegallito.jpg 524w\" sizes=\"auto, (max-width: 196px) 100vw, 196px\" \/><\/a><a href=\"https:\/\/www.fintamuzeum.hu\/wp-content\/uploads\/2014\/03\/testverharmasplakat250.jpg\"><img loading=\"lazy\" decoding=\"async\" class=\"alignnone size-medium wp-image-1562\" alt=\"testverharmasplakat250\" src=\"https:\/\/www.fintamuzeum.hu\/wp-content\/uploads\/2014\/03\/testverharmasplakat250-196x300.jpg\" width=\"196\" height=\"300\" srcset=\"https:\/\/www.fintamuzeum.hu\/wp-content\/uploads\/2014\/03\/testverharmasplakat250-196x300.jpg 196w, https:\/\/www.fintamuzeum.hu\/wp-content\/uploads\/2014\/03\/testverharmasplakat250.jpg 250w\" sizes=\"auto, (max-width: 196px) 100vw, 196px\" \/><\/a><\/p>\n","protected":false},"excerpt":{"rendered":"<p>Kedves L\u00e1togat\u00f3ink! Szeptember 20-21.-\u00e9n a Kultur\u00e1lis \u00d6r\u00f6ks\u00e9g Napjain, szombaton \u00e9s vas\u00e1rnap 9.00-12.00 \u00e9s 14.00-17.00 k\u00f6z\u00f6tt, valamennyi id\u0151szaki (Vad\u00e1sz P\u00e1l Ki\u00e1ll\u00edt\u00f3terem) \u00e9s \u00e1lland\u00f3 ki\u00e1ll\u00edt\u00e1saink (Finta M\u00fazeum) ingyenes nyitva tart\u00e1ssal v\u00e1rja \u00f6n\u00f6ket! A &#8222;Kevi Puszta Vil\u00e1ga&#8221; c\u00edm\u0171 t\u00e1rlatunk m\u00e1r csak a h\u00f3nap &hellip; <a href=\"https:\/\/www.fintamuzeum.hu\/?p=1717\">Egy kattint\u00e1s ide a folytat\u00e1shoz&#8230;. <span class=\"meta-nav\">&rarr;<\/span><\/a><\/p>\n","protected":false},"author":2,"featured_media":0,"comment_status":"closed","ping_status":"closed","sticky":false,"template":"","format":"standard","meta":{"footnotes":""},"categories":[5],"tags":[],"class_list":["post-1717","post","type-post","status-publish","format-standard","hentry","category-kozlemeny"],"_links":{"self":[{"href":"https:\/\/www.fintamuzeum.hu\/index.php?rest_route=\/wp\/v2\/posts\/1717","targetHints":{"allow":["GET"]}}],"collection":[{"href":"https:\/\/www.fintamuzeum.hu\/index.php?rest_route=\/wp\/v2\/posts"}],"about":[{"href":"https:\/\/www.fintamuzeum.hu\/index.php?rest_route=\/wp\/v2\/types\/post"}],"author":[{"embeddable":true,"href":"https:\/\/www.fintamuzeum.hu\/index.php?rest_route=\/wp\/v2\/users\/2"}],"replies":[{"embeddable":true,"href":"https:\/\/www.fintamuzeum.hu\/index.php?rest_route=%2Fwp%2Fv2%2Fcomments&post=1717"}],"version-history":[{"count":7,"href":"https:\/\/www.fintamuzeum.hu\/index.php?rest_route=\/wp\/v2\/posts\/1717\/revisions"}],"predecessor-version":[{"id":1724,"href":"https:\/\/www.fintamuzeum.hu\/index.php?rest_route=\/wp\/v2\/posts\/1717\/revisions\/1724"}],"wp:attachment":[{"href":"https:\/\/www.fintamuzeum.hu\/index.php?rest_route=%2Fwp%2Fv2%2Fmedia&parent=1717"}],"wp:term":[{"taxonomy":"category","embeddable":true,"href":"https:\/\/www.fintamuzeum.hu\/index.php?rest_route=%2Fwp%2Fv2%2Fcategories&post=1717"},{"taxonomy":"post_tag","embeddable":true,"href":"https:\/\/www.fintamuzeum.hu\/index.php?rest_route=%2Fwp%2Fv2%2Ftags&post=1717"}],"curies":[{"name":"wp","href":"https:\/\/api.w.org\/{rel}","templated":true}]}}