{"id":1605,"date":"2014-05-07T14:48:22","date_gmt":"2014-05-07T12:48:22","guid":{"rendered":"http:\/\/www.fintamuzeum.hu\/?p=1605"},"modified":"2014-05-07T15:58:23","modified_gmt":"2014-05-07T13:58:23","slug":"a-kevi-puszta-vilaga","status":"publish","type":"post","link":"https:\/\/www.fintamuzeum.hu\/?p=1605","title":{"rendered":"A kevi puszta vil\u00e1ga &#8211; megh\u00edv\u00f3"},"content":{"rendered":"<p><a href=\"https:\/\/www.fintamuzeum.hu\/wp-content\/uploads\/2014\/05\/FMpusztalo.png\"><img loading=\"lazy\" decoding=\"async\" class=\"size-full wp-image-1606 alignleft\" alt=\"FMpusztalo\" src=\"https:\/\/www.fintamuzeum.hu\/wp-content\/uploads\/2014\/05\/FMpusztalo.png\" width=\"200\" height=\"600\" srcset=\"https:\/\/www.fintamuzeum.hu\/wp-content\/uploads\/2014\/05\/FMpusztalo.png 200w, https:\/\/www.fintamuzeum.hu\/wp-content\/uploads\/2014\/05\/FMpusztalo-100x300.png 100w\" sizes=\"auto, (max-width: 200px) 100vw, 200px\" \/><\/a>Mindenkit szeretettel v\u00e1runka a <a href=\"http:\/\/www.kevijuhaszfesztival.com\/program\/\">XVI. Kevi Juh\u00e1szfesztiv\u00e1l<\/a> programsorozat keret\u00e9n bel\u00fcl megny\u00edl\u00f3 \u00faj id\u0151szaki ki\u00e1ll\u00edt\u00e1sunkra.<\/p>\n<p>A Finta M\u00fazeum \u00e9s a Vad\u00e1sz P\u00e1l Ki\u00e1ll\u00edt\u00f3terem mindk\u00e9t napon (m\u00e1jus 17-18.) eg\u00e9sz napos (9-17) nyitva tart\u00e1ssal v\u00e1rja a Kedves L\u00e1togat\u00f3kat!<\/p>\n<p>A Vad\u00e1sz P\u00e1l Ki\u00e1ll\u00edt\u00f3terem ki\u00e1ll\u00edt\u00e1sai a szombat d\u00e9lig (a megnyit\u00f3ig) ingyenesen tekinthet\u0151k meg. Az aktu\u00e1lis jegy\u00e1rakr\u00f3l <a href=\"https:\/\/www.fintamuzeum.hu\/?page_id=1060\">itt<\/a> lehet t\u00e1j\u00e9koz\u00f3dni.<\/p>\n<p>A Kevi K\u00f6r Pincegal\u00e9ria (V\u00e1rosh\u00e1za, Pet\u0151fi t\u00e9r 1.) nyitva: szombat-vas\u00e1rnap, 10-12, 14-16. A bel\u00e9p\u00e9s d\u00edjtalan!<\/p>\n<p>&nbsp;<\/p>\n<p>&nbsp;<\/p>\n","protected":false},"excerpt":{"rendered":"<p>Mindenkit szeretettel v\u00e1runka a XVI. Kevi Juh\u00e1szfesztiv\u00e1l programsorozat keret\u00e9n bel\u00fcl megny\u00edl\u00f3 \u00faj id\u0151szaki ki\u00e1ll\u00edt\u00e1sunkra. A Finta M\u00fazeum \u00e9s a Vad\u00e1sz P\u00e1l Ki\u00e1ll\u00edt\u00f3terem mindk\u00e9t napon (m\u00e1jus 17-18.) eg\u00e9sz napos (9-17) nyitva tart\u00e1ssal v\u00e1rja a Kedves L\u00e1togat\u00f3kat! A Vad\u00e1sz P\u00e1l Ki\u00e1ll\u00edt\u00f3terem ki\u00e1ll\u00edt\u00e1sai &hellip; <a href=\"https:\/\/www.fintamuzeum.hu\/?p=1605\">Egy kattint\u00e1s ide a folytat\u00e1shoz&#8230;. <span class=\"meta-nav\">&rarr;<\/span><\/a><\/p>\n","protected":false},"author":2,"featured_media":0,"comment_status":"closed","ping_status":"closed","sticky":false,"template":"","format":"standard","meta":{"footnotes":""},"categories":[1],"tags":[],"class_list":["post-1605","post","type-post","status-publish","format-standard","hentry","category-egyeb"],"_links":{"self":[{"href":"https:\/\/www.fintamuzeum.hu\/index.php?rest_route=\/wp\/v2\/posts\/1605","targetHints":{"allow":["GET"]}}],"collection":[{"href":"https:\/\/www.fintamuzeum.hu\/index.php?rest_route=\/wp\/v2\/posts"}],"about":[{"href":"https:\/\/www.fintamuzeum.hu\/index.php?rest_route=\/wp\/v2\/types\/post"}],"author":[{"embeddable":true,"href":"https:\/\/www.fintamuzeum.hu\/index.php?rest_route=\/wp\/v2\/users\/2"}],"replies":[{"embeddable":true,"href":"https:\/\/www.fintamuzeum.hu\/index.php?rest_route=%2Fwp%2Fv2%2Fcomments&post=1605"}],"version-history":[{"count":8,"href":"https:\/\/www.fintamuzeum.hu\/index.php?rest_route=\/wp\/v2\/posts\/1605\/revisions"}],"predecessor-version":[{"id":1614,"href":"https:\/\/www.fintamuzeum.hu\/index.php?rest_route=\/wp\/v2\/posts\/1605\/revisions\/1614"}],"wp:attachment":[{"href":"https:\/\/www.fintamuzeum.hu\/index.php?rest_route=%2Fwp%2Fv2%2Fmedia&parent=1605"}],"wp:term":[{"taxonomy":"category","embeddable":true,"href":"https:\/\/www.fintamuzeum.hu\/index.php?rest_route=%2Fwp%2Fv2%2Fcategories&post=1605"},{"taxonomy":"post_tag","embeddable":true,"href":"https:\/\/www.fintamuzeum.hu\/index.php?rest_route=%2Fwp%2Fv2%2Ftags&post=1605"}],"curies":[{"name":"wp","href":"https:\/\/api.w.org\/{rel}","templated":true}]}}