{"id":1459,"date":"2013-11-20T16:51:12","date_gmt":"2013-11-20T15:51:12","guid":{"rendered":"http:\/\/www.fintamuzeum.hu\/?p=1459"},"modified":"2016-04-11T08:38:44","modified_gmt":"2016-04-11T06:38:44","slug":"kibernetika-hoskora-avagy-volt-elet-a-pc-elott-informacios-nap","status":"publish","type":"post","link":"https:\/\/www.fintamuzeum.hu\/?p=1459","title":{"rendered":"Kibernetika h\u0151skora &#8211; avagy volt \u00e9let a PC el\u0151tt szakmai nap"},"content":{"rendered":"<p style=\"text-align: left;\"><code><a href=\"https:\/\/www.fintamuzeum.hu\/?attachment_id=1458\" rel=\"attachment wp-att-1458\"><img loading=\"lazy\" decoding=\"async\" class=\"size-medium wp-image-1458 alignleft\" alt=\"meghivoinformaciosnap-oldal001.png\" src=\"https:\/\/www.fintamuzeum.hu\/wp-content\/uploads\/2013\/11\/meghivoinformaciosnap-oldal001-138x300.png\" width=\"138\" height=\"300\" srcset=\"https:\/\/www.fintamuzeum.hu\/wp-content\/uploads\/2013\/11\/meghivoinformaciosnap-oldal001-138x300.png 138w, https:\/\/www.fintamuzeum.hu\/wp-content\/uploads\/2013\/11\/meghivoinformaciosnap-oldal001-473x1024.png 473w, https:\/\/www.fintamuzeum.hu\/wp-content\/uploads\/2013\/11\/meghivoinformaciosnap-oldal001.png 1146w\" sizes=\"auto, (max-width: 138px) 100vw, 138px\" \/><\/a><\/code><\/p>\n<p style=\"text-align: left;\">Netid\u0151k T\u00farkev\u00e9n<\/p>\n<p>A Netid\u0151k c. r\u00e1di\u00f3m\u0171sor a Pet\u0151fi R\u00e1di\u00f3ban indult 1995-ben az\u00e9rt, hogy a digit\u00e1lis vil\u00e1got k\u00f6z\u00e9rthet\u0151en mutassa be a hallgat\u00f3knak. A sz\u00e1m\u00edt\u00f3g\u00e9p \u00e9s az internet az\u00f3ta a h\u00e9tk\u00f6znapjaink r\u00e9sze lett, de az okostelefonok, a t\u00e1blag\u00e9pek, a Facebook, az iWiW \u00e9s sok m\u00e1s \u00faj fejlem\u00e9ny mostan\u00e1ban alak\u00edtja tov\u00e1bb a t\u00e1rsadalmat, a szok\u00e1sainkat, a szeml\u00e9let\u00fcnket &#8211; ez\u00e9rt van \u00e9rtelme ma is a digit\u00e1lis kult\u00far\u00e1val foglalkozni. A Netid\u0151k asztalt\u00e1rsas\u00e1g\u00e1ban k\u00fcl\u00f6nf\u00e9le ter\u00fcletek k\u00e9pvisel\u0151i vannak jelen: nyelv\u00e9sz, szociol\u00f3gus, sci-fi \u00edr\u00f3, m\u00e9rn\u00f6k, muzeol\u00f3gus, biztons\u00e1gi szakember, \u00fajs\u00e1g\u00edr\u00f3 is van a csapatban. Ez\u00e9rt az\u00e9rt l\u00e9nyeges, mert k\u00fc\u00f6nf\u00e9le szem\u00fcvegeken kereszt\u00fcl l\u00e1thatunk \u00edgy r\u00e1 az inform\u00e1ci\u00f3s t\u00e1rsadalom fejl\u0151d\u00e9s\u00e9re, a digit\u00e1lis eszk\u00f6z\u00f6k forradalm\u00e1ra. A Netid\u0151k kiemelt t\u00e9mak\u00f6re a digit\u00e1lis m\u00faltunk is \u00e9s azon bel\u00fcl a magyar sz\u00e1m\u00edt\u00e1stechnika kezdeti id\u0151szaka. Ez\u00e9rt \u00e9rdekes az asztalt\u00e1rsas\u00e1gnak a &#8222;Kibernetika h\u0151skora &#8211; avagy volt \u00e9let a PC el\u0151tt&#8221; c. ki\u00e1ll\u00edt\u00e1s T\u00farkev\u00e9n.<\/p>\n<p>A besz\u00e9lget\u00e9s k\u00f6zben az asztalt\u00e1rsas\u00e1g \u00e9s k\u00f6z\u00f6ns\u00e9ge megismerkedik az Otis King logarl\u00e9ccel, a MINIKATI nev\u0171 magyar gy\u00e1rtm\u00e1ny\u00fa \u00e1llatmodell robottal \u00e9s ott lesz az els\u0151 magyar sz\u00e1m\u00edt\u00f3g\u00e9p, az M-3 elektroncs\u00f6ves modulja is.<br \/>\n\t\t\t\t\t\t<div class=\"gallery_box_single\">\n\t\t\t\t\t\t\t\t\t\t\t\t\t<\/div><!-- .gallery_box_single -->\n\t\t\t\t\t\t<div class=\"gllr_clear\"><\/div>\n\t\t\t\t\t\t<\/p>\n<p>A besz\u00e9lget\u00e9s r\u00e9sztvev\u0151i:<br \/>\nDr. B\u00f3di Zolt\u00e1n nyelv\u00e9sz, f\u0151iskolai tan\u00e1r, \u201enetnyelv\u00e9sz\u201d<br \/>\nDragon Gy\u00f6rgy \u00fajs\u00e1g\u00edr\u00f3, zeneszerz\u0151, sci-fi \u00edr\u00f3, \u201eh\u00edrsziporka mester\u201d<br \/>\nK\u00e9pes G\u00e1bor a ki\u00e1ll\u00edt\u00e1s rendez\u0151je, a Magyar M\u0171szaki \u00e9s K\u00f6zleked\u00e9s M\u00fazeum oszt\u00e1lyvezet\u0151je<br \/>\nKov\u00e1cs T\u00fccsi Mih\u00e1ly \u00fajs\u00e1g\u00edr\u00f3, sci-fi \u00edr\u00f3, a Galaktika szerkeszt\u0151je, \u201eNagy Testv\u00e9r\u201d szak\u00e9rt\u0151<br \/>\nSzil\u00e1gyi \u00c1rp\u00e1d, a Magyar R\u00e1di\u00f3 Nonprofit Zrt. programszerkeszt\u0151je<\/p>\n<p style=\"text-align: right;\">Szil\u00e1gyi \u00c1rp\u00e1d<br \/>\nprogramszerkeszt\u0151<\/p>\n<p style=\"text-align: left;\">\n","protected":false},"excerpt":{"rendered":"<p>Netid\u0151k T\u00farkev\u00e9n A Netid\u0151k c. r\u00e1di\u00f3m\u0171sor a Pet\u0151fi R\u00e1di\u00f3ban indult 1995-ben az\u00e9rt, hogy a digit\u00e1lis vil\u00e1got k\u00f6z\u00e9rthet\u0151en mutassa be a hallgat\u00f3knak. A sz\u00e1m\u00edt\u00f3g\u00e9p \u00e9s az internet az\u00f3ta a h\u00e9tk\u00f6znapjaink r\u00e9sze lett, de az okostelefonok, a t\u00e1blag\u00e9pek, a Facebook, az iWiW &hellip; <a href=\"https:\/\/www.fintamuzeum.hu\/?gallery=kibernetika-hoskora-szakmai-nap\">Egy kattint\u00e1s ide a folytat\u00e1shoz&#8230;. <span class=\"meta-nav\">&rarr;<\/span><\/a><\/p>\n","protected":false},"author":2,"featured_media":0,"comment_status":"closed","ping_status":"closed","sticky":false,"template":"","format":"standard","meta":{"footnotes":""},"categories":[1],"tags":[],"class_list":["post-1459","post","type-post","status-publish","format-standard","hentry","category-egyeb"],"_links":{"self":[{"href":"https:\/\/www.fintamuzeum.hu\/index.php?rest_route=\/wp\/v2\/posts\/1459","targetHints":{"allow":["GET"]}}],"collection":[{"href":"https:\/\/www.fintamuzeum.hu\/index.php?rest_route=\/wp\/v2\/posts"}],"about":[{"href":"https:\/\/www.fintamuzeum.hu\/index.php?rest_route=\/wp\/v2\/types\/post"}],"author":[{"embeddable":true,"href":"https:\/\/www.fintamuzeum.hu\/index.php?rest_route=\/wp\/v2\/users\/2"}],"replies":[{"embeddable":true,"href":"https:\/\/www.fintamuzeum.hu\/index.php?rest_route=%2Fwp%2Fv2%2Fcomments&post=1459"}],"version-history":[{"count":16,"href":"https:\/\/www.fintamuzeum.hu\/index.php?rest_route=\/wp\/v2\/posts\/1459\/revisions"}],"predecessor-version":[{"id":1464,"href":"https:\/\/www.fintamuzeum.hu\/index.php?rest_route=\/wp\/v2\/posts\/1459\/revisions\/1464"}],"wp:attachment":[{"href":"https:\/\/www.fintamuzeum.hu\/index.php?rest_route=%2Fwp%2Fv2%2Fmedia&parent=1459"}],"wp:term":[{"taxonomy":"category","embeddable":true,"href":"https:\/\/www.fintamuzeum.hu\/index.php?rest_route=%2Fwp%2Fv2%2Fcategories&post=1459"},{"taxonomy":"post_tag","embeddable":true,"href":"https:\/\/www.fintamuzeum.hu\/index.php?rest_route=%2Fwp%2Fv2%2Ftags&post=1459"}],"curies":[{"name":"wp","href":"https:\/\/api.w.org\/{rel}","templated":true}]}}