{"id":1302,"date":"2013-09-26T09:16:19","date_gmt":"2013-09-26T07:16:19","guid":{"rendered":"http:\/\/www.fintamuzeum.hu\/?p=1302"},"modified":"2013-09-26T18:59:40","modified_gmt":"2013-09-26T16:59:40","slug":"1302","status":"publish","type":"post","link":"https:\/\/www.fintamuzeum.hu\/?p=1302","title":{"rendered":"&#8222;Itthon vagy! Szeretlek Magyarorsz\u00e1g!&#8221; a Finta M\u00fazeumban"},"content":{"rendered":"<p>Kedves L\u00e1togat\u00f3ink! Tisztelt Finta rajong\u00f3k!<br \/>\nA h\u00e9tv\u00e9g\u00e9n (2013.09.28-29.) ism\u00e9t mindk\u00e9t nap ingyenes nyitva tart\u00e1ssal v\u00e1rjuk vend\u00e9geinket a Finta M\u00fazeumban \u00e9s a Vad\u00e1sz P\u00e1l ki\u00e1ll\u00edt\u00f3teremben d\u00e9lel\u0151tt 9.00-t\u00f3l 12.00-ig \u00e9s d\u00e9lut\u00e1n 14.00-t\u00f3l 17.00-ig.<br \/>\nMindenkit szeretettel v\u00e1runk!<\/p>\n","protected":false},"excerpt":{"rendered":"<p>Kedves L\u00e1togat\u00f3ink! Tisztelt Finta rajong\u00f3k! A h\u00e9tv\u00e9g\u00e9n (2013.09.28-29.) ism\u00e9t mindk\u00e9t nap ingyenes nyitva tart\u00e1ssal v\u00e1rjuk vend\u00e9geinket a Finta M\u00fazeumban \u00e9s a Vad\u00e1sz P\u00e1l ki\u00e1ll\u00edt\u00f3teremben d\u00e9lel\u0151tt 9.00-t\u00f3l 12.00-ig \u00e9s d\u00e9lut\u00e1n 14.00-t\u00f3l 17.00-ig. Mindenkit szeretettel v\u00e1runk!<\/p>\n","protected":false},"author":2,"featured_media":0,"comment_status":"closed","ping_status":"closed","sticky":false,"template":"","format":"standard","meta":{"footnotes":""},"categories":[1],"tags":[],"class_list":["post-1302","post","type-post","status-publish","format-standard","hentry","category-egyeb"],"_links":{"self":[{"href":"https:\/\/www.fintamuzeum.hu\/index.php?rest_route=\/wp\/v2\/posts\/1302","targetHints":{"allow":["GET"]}}],"collection":[{"href":"https:\/\/www.fintamuzeum.hu\/index.php?rest_route=\/wp\/v2\/posts"}],"about":[{"href":"https:\/\/www.fintamuzeum.hu\/index.php?rest_route=\/wp\/v2\/types\/post"}],"author":[{"embeddable":true,"href":"https:\/\/www.fintamuzeum.hu\/index.php?rest_route=\/wp\/v2\/users\/2"}],"replies":[{"embeddable":true,"href":"https:\/\/www.fintamuzeum.hu\/index.php?rest_route=%2Fwp%2Fv2%2Fcomments&post=1302"}],"version-history":[{"count":3,"href":"https:\/\/www.fintamuzeum.hu\/index.php?rest_route=\/wp\/v2\/posts\/1302\/revisions"}],"predecessor-version":[{"id":1322,"href":"https:\/\/www.fintamuzeum.hu\/index.php?rest_route=\/wp\/v2\/posts\/1302\/revisions\/1322"}],"wp:attachment":[{"href":"https:\/\/www.fintamuzeum.hu\/index.php?rest_route=%2Fwp%2Fv2%2Fmedia&parent=1302"}],"wp:term":[{"taxonomy":"category","embeddable":true,"href":"https:\/\/www.fintamuzeum.hu\/index.php?rest_route=%2Fwp%2Fv2%2Fcategories&post=1302"},{"taxonomy":"post_tag","embeddable":true,"href":"https:\/\/www.fintamuzeum.hu\/index.php?rest_route=%2Fwp%2Fv2%2Ftags&post=1302"}],"curies":[{"name":"wp","href":"https:\/\/api.w.org\/{rel}","templated":true}]}}